{"id":263543,"date":"2023-05-25T15:15:12","date_gmt":"2023-05-25T15:15:12","guid":{"rendered":"https:\/\/www.asbeiras.pt\/?p=263543"},"modified":"2023-05-25T15:15:12","modified_gmt":"2023-05-25T15:15:12","slug":"servico-de-estrangeiros-e-fronteiras-vai-ser-extinto-em-outubro","status":"publish","type":"post","link":"https:\/\/critecnow.com\/diariobeiras\/servico-de-estrangeiros-e-fronteiras-vai-ser-extinto-em-outubro\/","title":{"rendered":"Servi\u00e7o de Estrangeiros e Fronteiras vai ser extinto em outubro"},"content":{"rendered":"<div id=\"attachment_177050\" style=\"width: 1210px\" class=\"wp-caption alignnone\"><a href=\"https:\/\/www.asbeiras.pt\/wp-content\/uploads\/2019\/08\/03-cabe\u00e7a-sef-dr_fb.jpg\"><img loading=\"lazy\" decoding=\"async\" aria-describedby=\"caption-attachment-177050\" class=\"size-full wp-image-177050\" src=\"https:\/\/www.asbeiras.pt\/wp-content\/uploads\/2019\/08\/03-cabe\u00e7a-sef-dr_fb.jpg\" alt=\"\" width=\"1200\" height=\"628\" \/><\/a><p id=\"caption-attachment-177050\" class=\"wp-caption-text\">DR<\/p><\/div>\n<p>A extin\u00e7\u00e3o do Servi\u00e7o de Estrangeiros e Fronteiras (SEF) vai acontecer em outubro, anunciou hoje o ministro da Administra\u00e7\u00e3o Interna, assegurando que existir\u00e1 um per\u00edodo de transi\u00e7\u00e3o para a concretiza\u00e7\u00e3o desta reforma.<\/p>\n<p class=\"text-paragraph\">\u201cQuando chegarmos a outubro deste ano o SEF extingue-se na medida em que os seus funcion\u00e1rios s\u00e3o integrados nas outras for\u00e7as, ou seja, em outubro deste ano ocorre o processo de extin\u00e7\u00e3o do SEF\u201d, disse aos jornalistas Jos\u00e9 Lu\u00eds Carneiro na confer\u00eancia de imprensa realizada ap\u00f3s a reuni\u00e3o do Conselho de Ministros.<\/p>\n<p class=\"text-paragraph\">O Presidente da Rep\u00fablica promulgou na quarta-feira os dois diplomas sobre o processo de fus\u00e3o do SEF, designadamente o regime de transi\u00e7\u00e3o de trabalhadores e a cria\u00e7\u00e3o da Ag\u00eancia para a Integra\u00e7\u00e3o, Migra\u00e7\u00f5es e Asilo (AIMA), que vai substituir este servi\u00e7o em mat\u00e9ria administrativa relativamente aos cidad\u00e3os estrangeiros.<\/p>\n<p class=\"text-paragraph\">O governante explicou que, no \u00e2mbito deste processo, uma parte dos trabalhadores da carreira geral e administrativa vai passar para a AIMA e a outra parte dos funcion\u00e1rios da carreira da inspe\u00e7\u00e3o e fiscaliza\u00e7\u00e3o integrar\u00e1 a Pol\u00edcia Judici\u00e1ria.<\/p>\n<p class=\"text-paragraph\">Segundo Jos\u00e9 Lu\u00eds Carneiro, haver\u00e1 ainda inspetores do SEF que v\u00e3o ficar a trabalhar nas fronteiras a\u00e9reas, mar\u00edtimas e terrestres \u201cno regime de afeta\u00e7\u00e3o funcional transitoriamente at\u00e9 que se consolida a mudan\u00e7a em condi\u00e7\u00f5es de seguran\u00e7a\u201d.<\/p>\n<p class=\"text-paragraph\">No \u00e2mbito da extin\u00e7\u00e3o do SEF, as fun\u00e7\u00f5es administrativas v\u00e3o passar para a AIMA e Instituto dos Registo e do Notariado (IRN), enquanto as compet\u00eancias policiais v\u00e3o para a Pol\u00edcia de Seguran\u00e7a P\u00fablica, Guarda Nacional Republicana e Pol\u00edcia Judici\u00e1ria.<\/p>\n<p class=\"text-paragraph\">A GNR ficar\u00e1 respons\u00e1vel por vigiar, fiscalizar e controlar as fronteiras mar\u00edtimas e terrestres, incluindo terminais de cruzeiro.<\/p>\n<p class=\"text-paragraph\">A PSP integrar\u00e1 as compet\u00eancias de vigiar, fiscalizar e controlar as fronteiras aeroportu\u00e1rias, enquanto a PJ fica com a compet\u00eancia reservada na investiga\u00e7\u00e3o da imigra\u00e7\u00e3o ilegal e tr\u00e1fico de pessoas.<\/p>\n","protected":false},"excerpt":{"rendered":"<p>A extin\u00e7\u00e3o do Servi\u00e7o de Estrangeiros e Fronteiras (SEF) vai acontecer em outubro, anunciou hoje o ministro da Administra\u00e7\u00e3o Interna, assegurando que existir\u00e1 um per\u00edodo de transi\u00e7\u00e3o para a concretiza\u00e7\u00e3o desta reforma.<\/p>\n","protected":false},"author":2,"featured_media":177050,"comment_status":"open","ping_status":"open","sticky":false,"template":"","format":"standard","meta":{"_acf_changed":false,"footnotes":""},"categories":[31,33],"tags":[3113,1927,3223,4469,3386],"class_list":["post-263543","post","type-post","status-publish","format-standard","has-post-thumbnail","hentry","category-geral","category-nacional","tag-dias-com-precos-exclusivos","tag-jose-luis-carneiro","tag-mai","tag-outubro","tag-sef"],"acf":[],"_links":{"self":[{"href":"https:\/\/critecnow.com\/diariobeiras\/wp-json\/wp\/v2\/posts\/263543","targetHints":{"allow":["GET"]}}],"collection":[{"href":"https:\/\/critecnow.com\/diariobeiras\/wp-json\/wp\/v2\/posts"}],"about":[{"href":"https:\/\/critecnow.com\/diariobeiras\/wp-json\/wp\/v2\/types\/post"}],"author":[{"embeddable":true,"href":"https:\/\/critecnow.com\/diariobeiras\/wp-json\/wp\/v2\/users\/2"}],"replies":[{"embeddable":true,"href":"https:\/\/critecnow.com\/diariobeiras\/wp-json\/wp\/v2\/comments?post=263543"}],"version-history":[{"count":0,"href":"https:\/\/critecnow.com\/diariobeiras\/wp-json\/wp\/v2\/posts\/263543\/revisions"}],"wp:attachment":[{"href":"https:\/\/critecnow.com\/diariobeiras\/wp-json\/wp\/v2\/media?parent=263543"}],"wp:term":[{"taxonomy":"category","embeddable":true,"href":"https:\/\/critecnow.com\/diariobeiras\/wp-json\/wp\/v2\/categories?post=263543"},{"taxonomy":"post_tag","embeddable":true,"href":"https:\/\/critecnow.com\/diariobeiras\/wp-json\/wp\/v2\/tags?post=263543"}],"curies":[{"name":"wp","href":"https:\/\/api.w.org\/{rel}","templated":true}]}}