{"id":264356,"date":"2023-06-10T12:25:11","date_gmt":"2023-06-10T12:25:11","guid":{"rendered":"https:\/\/www.asbeiras.pt\/?p=264356"},"modified":"2023-06-10T12:25:11","modified_gmt":"2023-06-10T12:25:11","slug":"portugal-nao-pode-desistir-de-criar-mais-riqueza-mais-igualdade-mais-coesao","status":"publish","type":"post","link":"https:\/\/critecnow.com\/diariobeiras\/portugal-nao-pode-desistir-de-criar-mais-riqueza-mais-igualdade-mais-coesao\/","title":{"rendered":"Portugal n\u00e3o pode desistir de \u201ccriar mais riqueza, mais igualdade, mais coes\u00e3o\u201d"},"content":{"rendered":"<div id=\"attachment_237662\" style=\"width: 660px\" class=\"wp-caption aligncenter\"><a href=\"https:\/\/www.asbeiras.pt\/2022\/05\/ucrania-pr-diz-que-ha-entidades-competentes-para-investigar-caso-dos-refugiados-em-setubal\/marcelo-rebelo-de-sousa-666\/\" rel=\"attachment wp-att-237662\"><img loading=\"lazy\" decoding=\"async\" aria-describedby=\"caption-attachment-237662\" class=\"wp-image-237662 size-large\" src=\"https:\/\/www.asbeiras.pt\/wp-content\/uploads\/2022\/05\/Marcelo-Rebelo-de-Sousa-666-1024x536.jpg\" alt=\"\" width=\"650\" height=\"340\" \/><\/a><p id=\"caption-attachment-237662\" class=\"wp-caption-text\">Arquivo<\/p><\/div>\n<p>O Presidente da Rep\u00fablica defendeu hoje que Portugal n\u00e3o pode desistir de criar mais riqueza, igualdade, mais coes\u00e3o, considerando que s\u00f3 isso permitir\u00e1 que continue a ter a sua \u201cproje\u00e7\u00e3o no mundo\u201d.<\/p>\n<p class=\"text-paragraph\">\u201cN\u00e3o podemos desistir nunca de criar mais riqueza, mais igualdade, mais coes\u00e3o, distribuindo essa riqueza com mais justi\u00e7a\u201d, declarou Marcelo Rebelo de Sousa no seu tradicional discurso na cerim\u00f3nia militar comemorativa do Dia de Portugal, de Cam\u00f5es e das Comunidades Portuguesas, que decorre hoje no Peso da R\u00e9gua, distrito de Vila Real.<\/p>\n<p class=\"text-paragraph\">S\u00f3 dessa forma, prosseguiu o chefe de Estado, Portugal poder\u00e1 continuar a ter a sua \u201cproje\u00e7\u00e3o do mundo\u201d, o seu \u201cdes\u00edgnio nacional\u201d.<\/p>\n<p class=\"text-paragraph\">\u201c\u00c9 a nossa voca\u00e7\u00e3o de sempre: fazermos pontes, sermos plataforma entre oceanos, continentes, culturas e povos. Outros h\u00e1, e haver\u00e1, que s\u00e3o e ser\u00e3o mais ricos do que n\u00f3s, mais coesos do que n\u00f3s, mas com l\u00ednguas que poucos conhecem, incapazes de compreenderem o mundo, de o tocarem e de o influenciar, mesmo aquele mundo que est\u00e1 mesmo \u00e0 beira da sua porta\u201d, disse.<\/p>\n","protected":false},"excerpt":{"rendered":"<p>\u201c\u00c9 a nossa voca\u00e7\u00e3o de sempre: fazermos pontes, sermos plataforma entre oceanos, continentes, culturas e povos&#8221;, disse o chefe de Estado<\/p>\n","protected":false},"author":2,"featured_media":237662,"comment_status":"open","ping_status":"open","sticky":false,"template":"","format":"standard","meta":{"_acf_changed":false,"footnotes":""},"categories":[379,31],"tags":[4738,4530],"class_list":["post-264356","post","type-post","status-publish","format-standard","has-post-thumbnail","hentry","category-destaque","category-geral","tag-10-de-junho","tag-marcelo-rebelo-da-sousa"],"acf":[],"_links":{"self":[{"href":"https:\/\/critecnow.com\/diariobeiras\/wp-json\/wp\/v2\/posts\/264356","targetHints":{"allow":["GET"]}}],"collection":[{"href":"https:\/\/critecnow.com\/diariobeiras\/wp-json\/wp\/v2\/posts"}],"about":[{"href":"https:\/\/critecnow.com\/diariobeiras\/wp-json\/wp\/v2\/types\/post"}],"author":[{"embeddable":true,"href":"https:\/\/critecnow.com\/diariobeiras\/wp-json\/wp\/v2\/users\/2"}],"replies":[{"embeddable":true,"href":"https:\/\/critecnow.com\/diariobeiras\/wp-json\/wp\/v2\/comments?post=264356"}],"version-history":[{"count":0,"href":"https:\/\/critecnow.com\/diariobeiras\/wp-json\/wp\/v2\/posts\/264356\/revisions"}],"wp:attachment":[{"href":"https:\/\/critecnow.com\/diariobeiras\/wp-json\/wp\/v2\/media?parent=264356"}],"wp:term":[{"taxonomy":"category","embeddable":true,"href":"https:\/\/critecnow.com\/diariobeiras\/wp-json\/wp\/v2\/categories?post=264356"},{"taxonomy":"post_tag","embeddable":true,"href":"https:\/\/critecnow.com\/diariobeiras\/wp-json\/wp\/v2\/tags?post=264356"}],"curies":[{"name":"wp","href":"https:\/\/api.w.org\/{rel}","templated":true}]}}