{"id":264719,"date":"2023-06-17T11:46:21","date_gmt":"2023-06-17T11:46:21","guid":{"rendered":"https:\/\/www.asbeiras.pt\/?p=264719"},"modified":"2023-06-17T11:46:21","modified_gmt":"2023-06-17T11:46:21","slug":"judiciaria-deteve-homem-que-tentou-matar-tres-pessoas-em-cernache","status":"publish","type":"post","link":"https:\/\/critecnow.com\/diariobeiras\/judiciaria-deteve-homem-que-tentou-matar-tres-pessoas-em-cernache\/","title":{"rendered":"Judici\u00e1ria deteve homem que tentou matar tr\u00eas pessoas em Cernache"},"content":{"rendered":"<div id=\"attachment_165955\" style=\"width: 1510px\" class=\"wp-caption alignnone\"><a href=\"https:\/\/www.asbeiras.pt\/wp-content\/uploads\/2019\/04\/03-arma-DR.jpg\"><img loading=\"lazy\" decoding=\"async\" aria-describedby=\"caption-attachment-165955\" class=\"size-full wp-image-165955\" src=\"https:\/\/www.asbeiras.pt\/wp-content\/uploads\/2019\/04\/03-arma-DR.jpg\" alt=\"\" width=\"1500\" height=\"1000\" \/><\/a><p id=\"caption-attachment-165955\" class=\"wp-caption-text\">police hold gun<\/p><\/div>\n<p>A Pol\u00edcia Judici\u00e1ria deteve um homem, pela presum\u00edvel pr\u00e1tica de tr\u00eas crimes de homic\u00eddio qualificado, na forma tentada, de que foram v\u00edtimas a esposa (53 anos de idade) e dois homens (com 63 e 69 anos de idade), na localidade de Venda da Pousada, Cernache, no concelho de Coimbra.<\/p>\n<p>| Leia a not\u00edcia completa na edi\u00e7\u00e3o de hoje do DI\u00c1RIO AS BEIRAS<\/p>\n","protected":false},"excerpt":{"rendered":"<p>A Pol\u00edcia Judici\u00e1ria deteve um homem, pela presum\u00edvel pr\u00e1tica de tr\u00eas crimes de homic\u00eddio qualificado, na forma tentada, de que foram v\u00edtimas a esposa (53 anos de idade) e dois homens (com 63 e 69 anos de idade), na localidade de Venda da Pousada, Cernache, no concelho de Coimbra. | Leia a not\u00edcia completa na [&hellip;]<\/p>\n","protected":false},"author":6,"featured_media":165955,"comment_status":"open","ping_status":"open","sticky":false,"template":"","format":"standard","meta":{"_acf_changed":false,"footnotes":""},"categories":[39,31],"tags":[305,710],"class_list":["post-264719","post","type-post","status-publish","format-standard","has-post-thumbnail","hentry","category-coimbra-2","category-geral","tag-cernache","tag-pj"],"acf":[],"_links":{"self":[{"href":"https:\/\/critecnow.com\/diariobeiras\/wp-json\/wp\/v2\/posts\/264719","targetHints":{"allow":["GET"]}}],"collection":[{"href":"https:\/\/critecnow.com\/diariobeiras\/wp-json\/wp\/v2\/posts"}],"about":[{"href":"https:\/\/critecnow.com\/diariobeiras\/wp-json\/wp\/v2\/types\/post"}],"author":[{"embeddable":true,"href":"https:\/\/critecnow.com\/diariobeiras\/wp-json\/wp\/v2\/users\/6"}],"replies":[{"embeddable":true,"href":"https:\/\/critecnow.com\/diariobeiras\/wp-json\/wp\/v2\/comments?post=264719"}],"version-history":[{"count":0,"href":"https:\/\/critecnow.com\/diariobeiras\/wp-json\/wp\/v2\/posts\/264719\/revisions"}],"wp:featuredmedia":[{"embeddable":true,"href":"https:\/\/critecnow.com\/diariobeiras\/wp-json\/"}],"wp:attachment":[{"href":"https:\/\/critecnow.com\/diariobeiras\/wp-json\/wp\/v2\/media?parent=264719"}],"wp:term":[{"taxonomy":"category","embeddable":true,"href":"https:\/\/critecnow.com\/diariobeiras\/wp-json\/wp\/v2\/categories?post=264719"},{"taxonomy":"post_tag","embeddable":true,"href":"https:\/\/critecnow.com\/diariobeiras\/wp-json\/wp\/v2\/tags?post=264719"}],"curies":[{"name":"wp","href":"https:\/\/api.w.org\/{rel}","templated":true}]}}