{"id":264919,"date":"2023-06-20T15:22:31","date_gmt":"2023-06-20T15:22:31","guid":{"rendered":"https:\/\/www.asbeiras.pt\/?p=264919"},"modified":"2023-06-20T15:22:31","modified_gmt":"2023-06-20T15:22:31","slug":"sara-fatia-vai-orientar-futsal-da-aac","status":"publish","type":"post","link":"https:\/\/critecnow.com\/diariobeiras\/sara-fatia-vai-orientar-futsal-da-aac\/","title":{"rendered":"Sara Fatia vai orientar futsal da AAC"},"content":{"rendered":"<p>&nbsp;<\/p>\n<p><a href=\"https:\/\/www.asbeiras.pt\/2023\/06\/sara-fatia-vai-orientar-futsal-da-aac\/sara-fatia-aac-1024x536-nova\/\" rel=\"attachment wp-att-264931\"><img loading=\"lazy\" decoding=\"async\" class=\"alignnone size-full wp-image-264931\" src=\"https:\/\/www.asbeiras.pt\/wp-content\/uploads\/2023\/06\/sara-fatia-aac-1024x536-nova.jpg\" alt=\"\" width=\"1024\" height=\"536\" \/><\/a><\/p>\n<p>Sara Fatia, de 36 anos, foi a escolhida para orientar a Acad\u00e9mica na 1.\u00aa Divis\u00e3o Feminina. Apesar de uma curta carreira como treinadora, a jovem conta com grande experi\u00eancia no principal escal\u00e3o da modalidade, enquanto jogadora.<\/p>\n<p>Volta a vestir as cores da AAC, que representou enquanto estudante universit\u00e1ria, nas competi\u00e7\u00f5es de desporto universit\u00e1rio internas e europeias.<\/p>\n<p>A AAC, recorde-se, ficou sem treinador depois de Jo\u00e3o Filipe Soares, t\u00e9cnico das \u00faltimas tr\u00eas temporadas, ter sa\u00eddo ontem para liderar o projeto feminino do Sporting.<\/p>\n","protected":false},"excerpt":{"rendered":"<p>A Sec\u00e7\u00e3o de Futsal da Acad\u00e9mica j\u00e1 escolheu substituto para Jo\u00e3o Filipe Soares. Sara Fatia, que orientou a Venda da Lu\u00edsa nas duas \u00faltimas temporadas, foi a escolhida para comandar a equipa s\u00e9nior feminina dos estudantes na 1.\u00aa Divis\u00e3o.<\/p>\n","protected":false},"author":15,"featured_media":264931,"comment_status":"open","ping_status":"open","sticky":false,"template":"","format":"standard","meta":{"_acf_changed":false,"footnotes":""},"categories":[4,31],"tags":[535,97,98],"class_list":["post-264919","post","type-post","status-publish","format-standard","has-post-thumbnail","hentry","category-desporto","category-geral","tag-academica","tag-futsal","tag-sara-fatia"],"acf":[],"_links":{"self":[{"href":"https:\/\/critecnow.com\/diariobeiras\/wp-json\/wp\/v2\/posts\/264919","targetHints":{"allow":["GET"]}}],"collection":[{"href":"https:\/\/critecnow.com\/diariobeiras\/wp-json\/wp\/v2\/posts"}],"about":[{"href":"https:\/\/critecnow.com\/diariobeiras\/wp-json\/wp\/v2\/types\/post"}],"author":[{"embeddable":true,"href":"https:\/\/critecnow.com\/diariobeiras\/wp-json\/wp\/v2\/users\/15"}],"replies":[{"embeddable":true,"href":"https:\/\/critecnow.com\/diariobeiras\/wp-json\/wp\/v2\/comments?post=264919"}],"version-history":[{"count":0,"href":"https:\/\/critecnow.com\/diariobeiras\/wp-json\/wp\/v2\/posts\/264919\/revisions"}],"wp:attachment":[{"href":"https:\/\/critecnow.com\/diariobeiras\/wp-json\/wp\/v2\/media?parent=264919"}],"wp:term":[{"taxonomy":"category","embeddable":true,"href":"https:\/\/critecnow.com\/diariobeiras\/wp-json\/wp\/v2\/categories?post=264919"},{"taxonomy":"post_tag","embeddable":true,"href":"https:\/\/critecnow.com\/diariobeiras\/wp-json\/wp\/v2\/tags?post=264919"}],"curies":[{"name":"wp","href":"https:\/\/api.w.org\/{rel}","templated":true}]}}