{"id":265487,"date":"2023-06-29T15:21:43","date_gmt":"2023-06-29T15:21:43","guid":{"rendered":"https:\/\/www.asbeiras.pt\/?p=265487"},"modified":"2023-06-29T15:21:43","modified_gmt":"2023-06-29T15:21:43","slug":"governo-vai-apoiar-criancas-e-jovens-vitimas-de-violencia-domestica-em-casos-de-homicidio","status":"publish","type":"post","link":"https:\/\/critecnow.com\/diariobeiras\/governo-vai-apoiar-criancas-e-jovens-vitimas-de-violencia-domestica-em-casos-de-homicidio\/","title":{"rendered":"Governo vai apoiar crian\u00e7as e jovens v\u00edtimas de viol\u00eancia dom\u00e9stica em casos de homic\u00eddio"},"content":{"rendered":"<p><a href=\"https:\/\/www.asbeiras.pt\/wp-content\/uploads\/2023\/06\/vio-2.jpg\"><img loading=\"lazy\" decoding=\"async\" class=\"aligncenter wp-image-265490 \" src=\"https:\/\/www.asbeiras.pt\/wp-content\/uploads\/2023\/06\/vio-2.jpg\" alt=\"\" width=\"652\" height=\"367\" \/><\/a><\/p>\n<p>O Governo vai implementar um programa de apoio espec\u00edfico para crian\u00e7as e jovens em casos de homic\u00eddio em contexto de viol\u00eancia dom\u00e9stica, no \u00e2mbito do novo plano de combate ao fen\u00f3meno.<\/p>\n<p class=\"text-paragraph\">A medida faz parte do novo Plano de A\u00e7\u00e3o de preven\u00e7\u00e3o e combate \u00e0 viol\u00eancia contra as mulheres e \u00e0 viol\u00eancia dom\u00e9stica (PAVMVD), um dos tr\u00eas integrados na Estrat\u00e9gia Nacional para a Igualdade e a N\u00e3o Discrimina\u00e7\u00e3o (ENIND), anunciados hoje em Conselho de Ministros.<\/p>\n<p class=\"text-paragraph\">De acordo com a ministra Adjunta e dos Assuntos Parlamentares, o objetivo deste programa de apoio, especialmente pensado para crian\u00e7as e jovens que sofreram traumas resultantes de casos de homic\u00eddio em contexto de viol\u00eancia dom\u00e9stica, \u00e9 que esteja \u201cno terreno nos pr\u00f3ximos tempos\u201d.<\/p>\n<p class=\"text-paragraph\">\u201c\u00c9 um programa que vai ser desenhado neste momento com as entidades competentes, com as v\u00e1rias ONG [Organiza\u00e7\u00f5es N\u00e3o Governamentais], com o Estado, de forma a que possa estar no terreno nos pr\u00f3ximos tempos\u201d, disse Ana Catarina Mendes, n\u00e3o especificando quando.<\/p>\n<p class=\"text-paragraph\">Acrescentou que o objetivo \u00e9 \u201capoiar estas crian\u00e7as e estes jovens que crescem em contexto de viol\u00eancia dom\u00e9stica\u201d.<\/p>\n","protected":false},"excerpt":{"rendered":"<p>O Governo vai implementar um programa de apoio espec\u00edfico para crian\u00e7as e jovens em casos de homic\u00eddio em contexto de viol\u00eancia dom\u00e9stica, no \u00e2mbito do novo plano de combate ao fen\u00f3meno. A medida faz parte do novo Plano de A\u00e7\u00e3o de preven\u00e7\u00e3o e combate \u00e0 viol\u00eancia contra as mulheres e \u00e0 viol\u00eancia dom\u00e9stica (PAVMVD), um [&hellip;]<\/p>\n","protected":false},"author":2,"featured_media":265490,"comment_status":"open","ping_status":"open","sticky":false,"template":"","format":"standard","meta":{"_acf_changed":false,"footnotes":""},"categories":[31,33],"tags":[108],"class_list":["post-265487","post","type-post","status-publish","format-standard","has-post-thumbnail","hentry","category-geral","category-nacional","tag-governo"],"acf":[],"_links":{"self":[{"href":"https:\/\/critecnow.com\/diariobeiras\/wp-json\/wp\/v2\/posts\/265487","targetHints":{"allow":["GET"]}}],"collection":[{"href":"https:\/\/critecnow.com\/diariobeiras\/wp-json\/wp\/v2\/posts"}],"about":[{"href":"https:\/\/critecnow.com\/diariobeiras\/wp-json\/wp\/v2\/types\/post"}],"author":[{"embeddable":true,"href":"https:\/\/critecnow.com\/diariobeiras\/wp-json\/wp\/v2\/users\/2"}],"replies":[{"embeddable":true,"href":"https:\/\/critecnow.com\/diariobeiras\/wp-json\/wp\/v2\/comments?post=265487"}],"version-history":[{"count":0,"href":"https:\/\/critecnow.com\/diariobeiras\/wp-json\/wp\/v2\/posts\/265487\/revisions"}],"wp:attachment":[{"href":"https:\/\/critecnow.com\/diariobeiras\/wp-json\/wp\/v2\/media?parent=265487"}],"wp:term":[{"taxonomy":"category","embeddable":true,"href":"https:\/\/critecnow.com\/diariobeiras\/wp-json\/wp\/v2\/categories?post=265487"},{"taxonomy":"post_tag","embeddable":true,"href":"https:\/\/critecnow.com\/diariobeiras\/wp-json\/wp\/v2\/tags?post=265487"}],"curies":[{"name":"wp","href":"https:\/\/api.w.org\/{rel}","templated":true}]}}