{"id":265541,"date":"2023-06-30T12:21:45","date_gmt":"2023-06-30T12:21:45","guid":{"rendered":"https:\/\/www.asbeiras.pt\/?p=265541"},"modified":"2023-06-30T12:21:45","modified_gmt":"2023-06-30T12:21:45","slug":"opiniao-as-amarguras-do-menino-tonecas","status":"publish","type":"post","link":"https:\/\/critecnow.com\/diariobeiras\/opiniao-as-amarguras-do-menino-tonecas\/","title":{"rendered":"Opini\u00e3o: As amarguras do menino Tonecas"},"content":{"rendered":"<p><a href=\"https:\/\/www.asbeiras.pt\/2023\/01\/opiniao-liberdade-de-empresa\/paulo-almeida-opi-2\/\" rel=\"attachment wp-att-253957\"><img loading=\"lazy\" decoding=\"async\" class=\"aligncenter size-full wp-image-253957\" src=\"https:\/\/www.asbeiras.pt\/wp-content\/uploads\/2023\/01\/paulo-almeida-opi.jpg\" alt=\"\" width=\"1200\" height=\"628\" srcset=\"https:\/\/critecnow.com\/diariobeiras\/wp-content\/uploads\/2023\/01\/paulo-almeida-opi.jpg 1200w, https:\/\/critecnow.com\/diariobeiras\/wp-content\/uploads\/2023\/01\/paulo-almeida-opi-300x157.jpg 300w, https:\/\/critecnow.com\/diariobeiras\/wp-content\/uploads\/2023\/01\/paulo-almeida-opi-1024x536.jpg 1024w, https:\/\/critecnow.com\/diariobeiras\/wp-content\/uploads\/2023\/01\/paulo-almeida-opi-768x402.jpg 768w, https:\/\/critecnow.com\/diariobeiras\/wp-content\/uploads\/2023\/01\/paulo-almeida-opi-600x314.jpg 600w\" sizes=\"auto, (max-width: 1200px) 100vw, 1200px\" \/><\/a><\/p>\n<p>Lu\u00eds Aleluia, o eterno menino Tonecas, morreu h\u00e1 poucos dias. O seu corpo sem vida foi encontrado numa garagem perto de sua casa. O actor tinha dois filhos em comum com Zita Favretto, sua mulher. Apesar de n\u00e3o os conhecer, a morte de um pai e marido s\u00f3 pode ser de uma dor incalcul\u00e1vel, pelo que em primeiro lugar a eles me dirijo manifestando os meus sinceros p\u00easames. E pe\u00e7o-lhes que n\u00e3o leiam (se isso vier a acontecer) o resto deste texto como se a eles fosse especialmente dirigido, ou ao falecido Lu\u00eds Aleluia.<br \/>\nSucedeu que, aquando da divulga\u00e7\u00e3o dos detalhes das cerim\u00f3nias f\u00fanebres do actor, houve muitas not\u00edcias e publica\u00e7\u00f5es nas redes sociais. Refiro-me aos apelos diversos de parte da vi\u00fava e de um dos filhos, que obviamente merecem o meu maior respeito, que me pareceram vontade dos pr\u00f3prios, e n\u00e3o uma express\u00e3o da vontade do Lu\u00eds Aleluia. Este poderia, antes de falecer, ter manifestado a algu\u00e9m uma vontade sobre as suas cerim\u00f3nias f\u00fanebres. Quer isto dizer que as pessoas falecidas n\u00e3o deixam de ser pessoas ap\u00f3s o fat\u00eddico evento. Com efeito, os direitos de personalidade gozam de protec\u00e7\u00e3o depois da morte do respectivo titular e podem ser exercidos por quem tenha sido designado para o efeito, ou pelos herdeiros. E se estiverem em causa dados sens\u00edveis, os dados pessoais de pessoas falecidas s\u00e3o protegidos nos termos da Lei e do RGPD quando se integrem nas categorias especiais de dados pessoais, neste caso a morte, ou quando se reportem \u00e0 intimidade da vida privada, \u00e0 imagem ou aos dados relativos \u00e0s comunica\u00e7\u00f5es.<br \/>\nA este prop\u00f3sito, levantou-se uma outra quest\u00e3o. Pelos vistos, a TV 7 Dias publicou um v\u00eddeo do momento em que o corpo de Lu\u00eds Aleluia foi retirado, pelos bombeiros, para ser transportado para o Instituto de Medicina Legal, o que gerou uma onda de indigna\u00e7\u00e3o e de rep\u00fadio, de tal ordem que a TV 7 Dias decidiu remover tais imagens em v\u00eddeo do seu site e das redes sociais. O que aconteceu merecia mais do que um pedido de desculpas e envio de sentidas condol\u00eancias. A liberdade de imprensa tem limites impostos por Lei, de forma a salvaguardar o rigor e a objectividade da informa\u00e7\u00e3o, a garantir os direitos ao bom nome, \u00e0 reserva da intimidade da vida privada, \u00e0 imagem e \u00e0 palavra dos cidad\u00e3os e a defender o interesse p\u00fablico. Tamb\u00e9m o C\u00f3digo Deontol\u00f3gico dos jornalistas disp\u00f5e que eles devem respeitar a privacidade dos cidad\u00e3os, excepto quando estiver em causa o interesse p\u00fablico. E ainda que, antes de recolher declara\u00e7\u00f5es e imagens, o jornalista est\u00e1 obrigado a atender \u00e0s condi\u00e7\u00f5es de serenidade, liberdade, dignidade e responsabilidade das pessoas envolvidas. Creio n\u00e3o estar errado ao afirmar que \u00e9 indigno filmar uma pessoa morta a ser retirada pelos bombeiros do local onde morreu. Numa situa\u00e7\u00e3o destas, n\u00e3o vislumbro qualquer justificado interesse p\u00fablico, tantas vezes usado com o argumento de o acontecimento envolver uma pessoa famosa. Famosa ou an\u00f3nima, a quest\u00e3o \u00e9 que est\u00e1 morta, e n\u00e3o sei se passou pela cabe\u00e7a dos jornalistas contactarem, em primeiro lugar, a fam\u00edlia. A quest\u00e3o da fama, em caso de morte, conduz-nos a um outro problema. Quanto mais famoso, mais facilmente \u00e9 identificado pelo maior n\u00famero de pessoas.<br \/>\nEu n\u00e3o sei, e presumo que, quando fizeram as filmagens, os jornalistas tamb\u00e9m n\u00e3o sabiam a causa da morte. No desconhecimento, vem \u00e0 discuss\u00e3o o efeito Werther. As amarguras do jovem Werther levaram-no ao suic\u00eddio, detalhadamente descrito por Goethe, nesta sua obra-prima do romantismo. Por causa do sucesso do livro, deu-se um efeito mim\u00e9tico e houve, talvez, a maior onde de suic\u00eddios na Europa de que h\u00e1 mem\u00f3ria. Por causa deste efeito Werther, os jornalistas devem seguir as orienta\u00e7\u00f5es constantes no Plano Nacional de Preven\u00e7\u00e3o do Suic\u00eddio 2013\/2017, publicado pela Direc\u00e7\u00e3o-Geral da Sa\u00fade, que est\u00e1 em linha com as recomenda\u00e7\u00f5es da Organiza\u00e7\u00e3o Mundial de Sa\u00fade dirigidas \u00e0 comunica\u00e7\u00e3o social. Algumas s\u00e3o: n\u00e3o se publiquem fotografias, v\u00eddeos ou notas de suic\u00eddio, nem se fa\u00e7am not\u00edcias sensacionalistas em seu redor. Repito: desconhe\u00e7o a causa da morte de Lu\u00eds Aleluia, mas (com os dados que tenho) n\u00e3o preciso de conhecer os jornalistas da TV 7 Dias para concluir que me apetecia dirigir-lhes algumas impreca\u00e7\u00f5es.<\/p>\n","protected":false},"excerpt":{"rendered":"<p>Paulo Almeida, Advogado<\/p>\n","protected":false},"author":8,"featured_media":253957,"comment_status":"open","ping_status":"open","sticky":false,"template":"","format":"standard","meta":{"_acf_changed":false,"footnotes":""},"categories":[31,5],"tags":[100,458],"class_list":["post-265541","post","type-post","status-publish","format-standard","has-post-thumbnail","hentry","category-geral","category-opiniao","tag-opiniao","tag-paulo-almeida"],"acf":[],"_links":{"self":[{"href":"https:\/\/critecnow.com\/diariobeiras\/wp-json\/wp\/v2\/posts\/265541","targetHints":{"allow":["GET"]}}],"collection":[{"href":"https:\/\/critecnow.com\/diariobeiras\/wp-json\/wp\/v2\/posts"}],"about":[{"href":"https:\/\/critecnow.com\/diariobeiras\/wp-json\/wp\/v2\/types\/post"}],"author":[{"embeddable":true,"href":"https:\/\/critecnow.com\/diariobeiras\/wp-json\/wp\/v2\/users\/8"}],"replies":[{"embeddable":true,"href":"https:\/\/critecnow.com\/diariobeiras\/wp-json\/wp\/v2\/comments?post=265541"}],"version-history":[{"count":0,"href":"https:\/\/critecnow.com\/diariobeiras\/wp-json\/wp\/v2\/posts\/265541\/revisions"}],"wp:featuredmedia":[{"embeddable":true,"href":"https:\/\/critecnow.com\/diariobeiras\/wp-json\/wp\/v2\/media\/253957"}],"wp:attachment":[{"href":"https:\/\/critecnow.com\/diariobeiras\/wp-json\/wp\/v2\/media?parent=265541"}],"wp:term":[{"taxonomy":"category","embeddable":true,"href":"https:\/\/critecnow.com\/diariobeiras\/wp-json\/wp\/v2\/categories?post=265541"},{"taxonomy":"post_tag","embeddable":true,"href":"https:\/\/critecnow.com\/diariobeiras\/wp-json\/wp\/v2\/tags?post=265541"}],"curies":[{"name":"wp","href":"https:\/\/api.w.org\/{rel}","templated":true}]}}