{"id":266361,"date":"2023-07-12T14:29:53","date_gmt":"2023-07-12T14:29:53","guid":{"rendered":"https:\/\/www.asbeiras.pt\/?p=266361"},"modified":"2023-07-12T14:29:53","modified_gmt":"2023-07-12T14:29:53","slug":"pcp-e-bloco-de-esquerda-criticam-mudancas-na-casa-da-escrita-de-coimbra","status":"publish","type":"post","link":"https:\/\/critecnow.com\/diariobeiras\/pcp-e-bloco-de-esquerda-criticam-mudancas-na-casa-da-escrita-de-coimbra\/","title":{"rendered":"PCP e Bloco de Esquerda criticam mudan\u00e7as na Casa da Escrita de Coimbra"},"content":{"rendered":"<p><a href=\"https:\/\/www.asbeiras.pt\/wp-content\/uploads\/2023\/07\/Casa-da-Escrita-DR.jpg\"><img loading=\"lazy\" decoding=\"async\" class=\"alignnone size-full wp-image-266364\" src=\"https:\/\/www.asbeiras.pt\/wp-content\/uploads\/2023\/07\/Casa-da-Escrita-DR.jpg\" alt=\"\" width=\"1200\" height=\"628\" \/><\/a><\/p>\n<p>O Bloco de Esquerda e o PCP criticaram as mudan\u00e7as prevista pela C\u00e2mara Municipal de Coimbra para a Casa da Escrita, que pretende transform\u00e1-la na \u201cCasa da Cidadania da L\u00edngua\u201d, numa parceria com a Associa\u00e7\u00e3o Portugal Brasil 200 anos.<\/p>\n<p class=\"text-paragraph\">\u201cAs informa\u00e7\u00f5es dadas [sobre o futuro do espa\u00e7o] pelo presidente de C\u00e2mara [Jos\u00e9 Manuel Silva] s\u00e3o evasivas e contradit\u00f3rias com outras informa\u00e7\u00f5es tornadas p\u00fablicas, fazendo temer a exist\u00eancia de compromissos assumidos sem transpar\u00eancia e sem discuss\u00e3o p\u00fablica, nas costas da cidade e dos eleitos\u201d, asseverou hoje o PCP, em nota de imprensa enviada \u00e0 ag\u00eancia Lusa.<\/p>\n<p class=\"text-paragraph\">Os comunistas consideram ainda que o rebatizar daquele espa\u00e7o vai redefinir os seus objetivos, trocando \u201cuma miss\u00e3o concreta por generalidades\u201d, que insistem \u201cem conceitos como &#8220;marca&#8221;, &#8220;atratividade&#8221; e &#8220;diplomacia informal&#8221;.<\/p>\n<p class=\"text-paragraph\">Recentemente, o munic\u00edpio manifestou a inten\u00e7\u00e3o de transformar a Casa da Escrita (originalmente era a casa do poeta Jo\u00e3o Jos\u00e9 Cochofel) na \u201cCasa da Cidadania da L\u00edngua\u201d, numa parceria com a Associa\u00e7\u00e3o Portugal Brasil 200 anos, presidida pelo assessor de imprensa Jos\u00e9 Manuel Diogo, cujo acordo com a autarquia ainda n\u00e3o \u00e9 conhecido, nem se sabem quais os moldes em que ir\u00e1 funcionar a tal coopera\u00e7\u00e3o.<\/p>\n<p class=\"text-paragraph\">Para o PCP de Coimbra, a Casa da Escrita deve ser um espa\u00e7o \u201cdedicado \u00e0 promo\u00e7\u00e3o da escrita, do livro e da leitura\u201d, defendendo que aquele equipamento deveria ter uma exposi\u00e7\u00e3o permanente que conte a sua hist\u00f3ria (foi um importante \u2018abrigo\u2019 para o movimento neorrealista durante o Estado Novo).<\/p>\n<p class=\"text-paragraph\">Resid\u00eancias de cria\u00e7\u00e3o liter\u00e1ria, encontros de escritores com leitores, cursos de escrita, atividades pedag\u00f3gicas, lan\u00e7amentos de livros, clubes de leitura e a abertura de uma livraria naquele espa\u00e7o situado na Alta de Coimbra s\u00e3o algumas das propostas do PCP para a Casa da Escrita.<\/p>\n<p class=\"text-paragraph\">Tamb\u00e9m o Bloco de Esquerda de Coimbra, num comunicado publicado na segunda-feira, salientou que os contornos do protocolo entre a associa\u00e7\u00e3o presidida por Jos\u00e9 Manuel Diogo (e que tem como presidente da assembleia geral Jo\u00e3o Gabriel Silva, ex-reitor da Universidade de Coimbra e irm\u00e3o do presidente da autarquia) \u201cs\u00e3o desconhecidos\u201d, assim como o futuro daquele equipamento.<\/p>\n<p class=\"text-paragraph\">\u201cEsta situa\u00e7\u00e3o \u00e9 inquietante, sugerindo uma puls\u00e3o de captura de equipamentos p\u00fablicos por estruturas privadas e revelando uma gest\u00e3o pouco transparente da coisa p\u00fablica. Mostra ainda a incapacidade do executivo municipal em ter uma pol\u00edtica que n\u00e3o esteja presa aos chav\u00f5es do empreendedorismo e da cultura como neg\u00f3cio ou pretexto publicit\u00e1rio\u201d, contestou o Bloco de Esquerda.<\/p>\n<p class=\"text-paragraph\">A concelhia bloquista defendeu que o investimento na Casa da Escrita deve ser feito \u201crespeitando a sua miss\u00e3o e aprofundando o papel daquele espa\u00e7o na cria\u00e7\u00e3o e frui\u00e7\u00e3o cultural e na dinamiza\u00e7\u00e3o do territ\u00f3rio\u201d.<\/p>\n<p class=\"text-paragraph\">A Casa da Escrita foi inaugurada em 2010, pela m\u00e3o do ent\u00e3o presidente da C\u00e2mara, Carlos Encarna\u00e7\u00e3o (PSD), tendo na altura como curador o professor universit\u00e1rio Jos\u00e9 Carlos Seabra Pereira.<\/p>\n<p class=\"text-paragraph\">Posteriormente, j\u00e1 com Manuel Machado (PS) a presidir \u00e0 C\u00e2mara de Coimbra, o poeta Ant\u00f3nio Vilhena (que integrou as listas do PS \u00e0 Assembleia Municipal nas \u00faltimas aut\u00e1rquicas) passou a ser o curador da Casa da Escrita, cargo do qual foi dispensado por Jos\u00e9 Manuel Silva, eleito em 2021 pela coliga\u00e7\u00e3o Juntos Somos Coimbra (PSD\/CDS\/N\u00f3s\/Cidad\u00e3os!\/PPM\/Alian\u00e7a\/RIR e Volt).<\/p>\n","protected":false},"excerpt":{"rendered":"<p>O Bloco de Esquerda e o PCP criticaram as mudan\u00e7as prevista pela C\u00e2mara Municipal de Coimbra para a Casa da Escrita, que pretende transform\u00e1-la na \u201cCasa da Cidadania da L\u00edngua\u201d, numa parceria com a Associa\u00e7\u00e3o Portugal Brasil 200 anos.<\/p>\n","protected":false},"author":2,"featured_media":266364,"comment_status":"open","ping_status":"open","sticky":false,"template":"","format":"standard","meta":{"_acf_changed":false,"footnotes":""},"categories":[39,31],"tags":[2504,5253,317,943],"class_list":["post-266361","post","type-post","status-publish","format-standard","has-post-thumbnail","hentry","category-coimbra-2","category-geral","tag-bloco-de-esquerda","tag-casa-da-escrita-de-coimbra","tag-criticas","tag-pcp"],"acf":[],"_links":{"self":[{"href":"https:\/\/critecnow.com\/diariobeiras\/wp-json\/wp\/v2\/posts\/266361","targetHints":{"allow":["GET"]}}],"collection":[{"href":"https:\/\/critecnow.com\/diariobeiras\/wp-json\/wp\/v2\/posts"}],"about":[{"href":"https:\/\/critecnow.com\/diariobeiras\/wp-json\/wp\/v2\/types\/post"}],"author":[{"embeddable":true,"href":"https:\/\/critecnow.com\/diariobeiras\/wp-json\/wp\/v2\/users\/2"}],"replies":[{"embeddable":true,"href":"https:\/\/critecnow.com\/diariobeiras\/wp-json\/wp\/v2\/comments?post=266361"}],"version-history":[{"count":0,"href":"https:\/\/critecnow.com\/diariobeiras\/wp-json\/wp\/v2\/posts\/266361\/revisions"}],"wp:attachment":[{"href":"https:\/\/critecnow.com\/diariobeiras\/wp-json\/wp\/v2\/media?parent=266361"}],"wp:term":[{"taxonomy":"category","embeddable":true,"href":"https:\/\/critecnow.com\/diariobeiras\/wp-json\/wp\/v2\/categories?post=266361"},{"taxonomy":"post_tag","embeddable":true,"href":"https:\/\/critecnow.com\/diariobeiras\/wp-json\/wp\/v2\/tags?post=266361"}],"curies":[{"name":"wp","href":"https:\/\/api.w.org\/{rel}","templated":true}]}}