{"id":266665,"date":"2023-07-18T11:28:14","date_gmt":"2023-07-18T11:28:14","guid":{"rendered":"https:\/\/www.asbeiras.pt\/?p=266665"},"modified":"2023-07-18T11:28:14","modified_gmt":"2023-07-18T11:28:14","slug":"novo-centro-municipal-de-protecao-civil-foi-inaugurado","status":"publish","type":"post","link":"https:\/\/critecnow.com\/diariobeiras\/novo-centro-municipal-de-protecao-civil-foi-inaugurado\/","title":{"rendered":"Novo Centro Municipal de Prote\u00e7\u00e3o Civil foi inaugurado"},"content":{"rendered":"<p><a href=\"https:\/\/www.asbeiras.pt\/wp-content\/uploads\/2023\/07\/Inauguracao-CMPC-MT.jpg\"><img loading=\"lazy\" decoding=\"async\" class=\"alignnone size-full wp-image-266666\" src=\"https:\/\/www.asbeiras.pt\/wp-content\/uploads\/2023\/07\/Inauguracao-CMPC-MT.jpg\" alt=\"\" width=\"1200\" height=\"628\" \/><\/a><\/p>\n<p>Com uma ampla sala de opera\u00e7\u00f5es, com equipamentos de recolha e an\u00e1lise de todas as informa\u00e7\u00f5es emanadas do sistema nacional de Prote\u00e7\u00e3o Civil, um audit\u00f3rio para a\u00e7\u00f5es de informa\u00e7\u00e3o e sensibiliza\u00e7\u00e3o, gabinetes para os t\u00e9cnicos, zona de apoio como camaratas, cozinha e balne\u00e1rios, assim como armaz\u00e9m de equipamentos, foi ontem, inagurado o novo Centro Municipal de Prote\u00e7\u00e3o Civil de T\u00e1bua.<br \/>\nA cerim\u00f3nia contou com a presen\u00e7a do ministro da Administra\u00e7\u00e3o Interna, Jos\u00e9 Lu\u00eds Carneiro e do presidente da C\u00e2mara Municipal de T\u00e1bua, Ricardo Cruz, o novo Centro Municipal de Prote\u00e7\u00e3o Civil de T\u00e1bua e teve um investimento global de 188.000 \u20ac, apoiados pelo P.O. Centro 2020.<\/p>\n<p><em>Not\u00edcia completa nas edi\u00e7\u00f5es impressa e digital do DI\u00c1RIO AS BEIRAS<\/em><em>\u00a0<\/em><em><a href=\"mailto:assinaturas@asbeiras.pt\">assinaturas@asbeiras.pt<\/a><\/em><\/p>\n","protected":false},"excerpt":{"rendered":"<p>Com uma ampla sala de opera\u00e7\u00f5es, com equipamentos de recolha e an\u00e1lise de todas as informa\u00e7\u00f5es emanadas do sistema nacional de Prote\u00e7\u00e3o Civil, um audit\u00f3rio para a\u00e7\u00f5es de informa\u00e7\u00e3o e sensibiliza\u00e7\u00e3o, gabinetes para os t\u00e9cnicos, zona de apoio como camaratas, cozinha e balne\u00e1rios, assim como armaz\u00e9m de equipamentos, foi ontem, inagurado o novo Centro Municipal de Prote\u00e7\u00e3o Civil de T\u00e1bua.<\/p>\n","protected":false},"author":6,"featured_media":266666,"comment_status":"open","ping_status":"open","sticky":false,"template":"","format":"standard","meta":{"_acf_changed":false,"footnotes":""},"categories":[31,388],"tags":[435,5379,397],"class_list":["post-266665","post","type-post","status-publish","format-standard","has-post-thumbnail","hentry","category-geral","category-tabua","tag-inauguracao","tag-novo-centro-municipal-de-protecao-civil","tag-tabua"],"acf":[],"_links":{"self":[{"href":"https:\/\/critecnow.com\/diariobeiras\/wp-json\/wp\/v2\/posts\/266665","targetHints":{"allow":["GET"]}}],"collection":[{"href":"https:\/\/critecnow.com\/diariobeiras\/wp-json\/wp\/v2\/posts"}],"about":[{"href":"https:\/\/critecnow.com\/diariobeiras\/wp-json\/wp\/v2\/types\/post"}],"author":[{"embeddable":true,"href":"https:\/\/critecnow.com\/diariobeiras\/wp-json\/wp\/v2\/users\/6"}],"replies":[{"embeddable":true,"href":"https:\/\/critecnow.com\/diariobeiras\/wp-json\/wp\/v2\/comments?post=266665"}],"version-history":[{"count":0,"href":"https:\/\/critecnow.com\/diariobeiras\/wp-json\/wp\/v2\/posts\/266665\/revisions"}],"wp:attachment":[{"href":"https:\/\/critecnow.com\/diariobeiras\/wp-json\/wp\/v2\/media?parent=266665"}],"wp:term":[{"taxonomy":"category","embeddable":true,"href":"https:\/\/critecnow.com\/diariobeiras\/wp-json\/wp\/v2\/categories?post=266665"},{"taxonomy":"post_tag","embeddable":true,"href":"https:\/\/critecnow.com\/diariobeiras\/wp-json\/wp\/v2\/tags?post=266665"}],"curies":[{"name":"wp","href":"https:\/\/api.w.org\/{rel}","templated":true}]}}