{"id":267051,"date":"2023-07-29T10:30:41","date_gmt":"2023-07-29T10:30:41","guid":{"rendered":"https:\/\/www.asbeiras.pt\/?p=267051"},"modified":"2023-07-29T10:30:41","modified_gmt":"2023-07-29T10:30:41","slug":"municipios-de-coimbra-instam-lider-da-agif-a-nao-se-imiscuir-em-questoes-do-poder-local","status":"publish","type":"post","link":"https:\/\/critecnow.com\/diariobeiras\/municipios-de-coimbra-instam-lider-da-agif-a-nao-se-imiscuir-em-questoes-do-poder-local\/","title":{"rendered":"Munic\u00edpios de Coimbra instam l\u00edder da AGIF a n\u00e3o se &#8220;imiscuir em quest\u00f5es do poder local\u201d"},"content":{"rendered":"<div id=\"attachment_254168\" style=\"width: 1210px\" class=\"wp-caption alignnone\"><a href=\"https:\/\/www.asbeiras.pt\/wp-content\/uploads\/2023\/01\/CIM-Regiao-de-Coimbra.jpg\"><img loading=\"lazy\" decoding=\"async\" aria-describedby=\"caption-attachment-254168\" class=\"size-full wp-image-254168\" src=\"https:\/\/www.asbeiras.pt\/wp-content\/uploads\/2023\/01\/CIM-Regiao-de-Coimbra.jpg\" alt=\"\" width=\"1200\" height=\"628\" srcset=\"https:\/\/critecnow.com\/diariobeiras\/wp-content\/uploads\/2023\/01\/CIM-Regiao-de-Coimbra.jpg 1200w, https:\/\/critecnow.com\/diariobeiras\/wp-content\/uploads\/2023\/01\/CIM-Regiao-de-Coimbra-300x157.jpg 300w, https:\/\/critecnow.com\/diariobeiras\/wp-content\/uploads\/2023\/01\/CIM-Regiao-de-Coimbra-1024x536.jpg 1024w, https:\/\/critecnow.com\/diariobeiras\/wp-content\/uploads\/2023\/01\/CIM-Regiao-de-Coimbra-768x402.jpg 768w, https:\/\/critecnow.com\/diariobeiras\/wp-content\/uploads\/2023\/01\/CIM-Regiao-de-Coimbra-600x314.jpg 600w\" sizes=\"auto, (max-width: 1200px) 100vw, 1200px\" \/><\/a><p id=\"caption-attachment-254168\" class=\"wp-caption-text\">DR<\/p><\/div>\n<p>A Comunidade Intermunicipal (CIM) da Regi\u00e3o de Coimbra instou esta sexta-feira o presidente da ag\u00eancia para a gest\u00e3o dos fogos a n\u00e3o \u201cimiscuir-se em quest\u00f5es do poder local\u201d, ap\u00f3s as afirma\u00e7\u00f5es deste sobre gastos das autarquias com bombeiros.<\/p>\n<p class=\"text-paragraph\">\u201cN\u00e3o cabe ao presidente da AGIF fazer ju\u00edzos de valor relativamente ao financiamento disponibilizado pelos munic\u00edpios aos corpos de bombeiros, nem t\u00e3o pouco imiscuir-se em quest\u00f5es que est\u00e3o na esfera da autonomia do poder local e que s\u00e3o suportadas na \u00edntegra pelos or\u00e7amentos municipais\u201d, sublinhou, em comunicado, a CIM Regi\u00e3o de Coimbra.<\/p>\n<p class=\"text-paragraph\">As declara\u00e7\u00f5es do presidente da AGIF, Tiago Oliveira, na comiss\u00e3o parlamentar de Agricultura e Pescas, na quinta-feira, em que disse que \u201ch\u00e1 munic\u00edpios a gastar meio milh\u00e3o de euros, uma barbaridade de dinheiro, nos bombeiros, quando n\u00e3o gastam dinheiro a gerir a floresta\u201d, geraram o descontentamento entre munic\u00edpios.<\/p>\n<p class=\"text-paragraph\">Tiago Oliveira foi ouvido na quinta-feira na comiss\u00e3o parlamentar de Agricultura e Pescas, a prop\u00f3sito do relat\u00f3rio de atividades do Sistema de Gest\u00e3o Integrada de Fogos Rurais de 2022.<\/p>\n<p class=\"text-paragraph\">Para os munic\u00edpios da regi\u00e3o de Coimbra, tamb\u00e9m as declara\u00e7\u00f5es do presidente da AGIF sobre o financiamento dos corpos de bombeiros atrav\u00e9s da \u00e1rea ardida e relativamente \u00e0 desnecess\u00e1ria aposta nos meios a\u00e9reos s\u00e3o descontextualizadas, \u201cnomeadamente numa \u00e9poca do ano em que o Dispositivo Especial de Combate a Inc\u00eandios Rurais tem respondido de forma competente e empenhada \u00e0s diferentes ocorr\u00eancias que t\u00eam existido nos \u00faltimos meses\u201d.<\/p>\n<p class=\"text-paragraph\">\u201cAs declara\u00e7\u00f5es relativas aos meios a\u00e9reos foram recebidas por esta Comunidade Intermunicipal com enorme espanto, na medida em que estes recursos s\u00e3o reconhecidos em todo o mundo como uma mais-valia no combate aos inc\u00eandios rurais, tendo inclusivamente existido um refor\u00e7o destes meios no \u00e2mbito do Mecanismo Europeu de Prote\u00e7\u00e3o Civil, sendo claro para n\u00f3s que a mobiliza\u00e7\u00e3o de meios a\u00e9reos nas fases mais prematuras dos inc\u00eandios tem resultados claros da diminui\u00e7\u00e3o da \u00e1rea ardida\u201d, sublinha ainda a CIM Regi\u00e3o de Coimbra na nota de rep\u00fadio \u00e0s declara\u00e7\u00f5es de Tiago Oliveira.<\/p>\n<p class=\"text-paragraph\">As autarquias de Coimbra exortaram ainda o presidente da AGIF a \u201cdesencadear as fontes de financiamento que ir\u00e3o assegurar a execu\u00e7\u00e3o do Programa Nacional de A\u00e7\u00e3o de Gest\u00e3o Integrada de Fogos Rurais elaborado pela entidade que preside, e aprovado no ano de 2021\u201d.<\/p>\n<p class=\"text-paragraph\">\u201cAp\u00f3s diversas dilig\u00eancias efetuadas por esta Comunidade Intermunicipal ainda n\u00e3o se obtiveram garantias de dota\u00e7\u00e3o financeira para o programa, colocando em causa a execu\u00e7\u00e3o do planeamento previsto\u201d, acrescentaram.<\/p>\n<p class=\"text-paragraph\">A CIM Regi\u00e3o de Coimbra exortou ainda a entidade a \u201cprestar explica\u00e7\u00f5es relativas \u00e0s declara\u00e7\u00f5es proferidas pelo seu presidente\u201d.<\/p>\n<p class=\"text-paragraph\">A Comunidade Intermunicipal do Algarve pediu esta sexta-feira a demiss\u00e3o do presidente da AGIF, enquanto os presidentes dos 11 munic\u00edpios da Comunidade Intermunicipal da Lez\u00edria do Tejo (CIMLT) manifestaram indigna\u00e7\u00e3o pelas suas declara\u00e7\u00f5es.<\/p>\n<p class=\"text-paragraph\">Tamb\u00e9m a Associa\u00e7\u00e3o Nacional de Munic\u00edpios Portugueses (ANMP) repudiou as palavras de Tiago Oliveira, enquanto a Associa\u00e7\u00e3o Nacional de Bombeiros Profissionais e o Sindicato Nacional de Bombeiros Profissionais (ANBP\/SNBP) acusaram o presidente da AGIF de \u201cestar a mais no sistema\u201d.<\/p>\n","protected":false},"excerpt":{"rendered":"<p>A Comunidade Intermunicipal (CIM) da Regi\u00e3o de Coimbra instou esta sexta-feira o presidente da ag\u00eancia para a gest\u00e3o dos fogos a n\u00e3o \u201cimiscuir-se em quest\u00f5es do poder local\u201d, ap\u00f3s as afirma\u00e7\u00f5es deste sobre gastos das autarquias com bombeiros.<\/p>\n","protected":false},"author":2,"featured_media":254168,"comment_status":"open","ping_status":"open","sticky":false,"template":"","format":"standard","meta":{"_acf_changed":false,"footnotes":""},"categories":[31,33],"tags":[361],"class_list":["post-267051","post","type-post","status-publish","format-standard","has-post-thumbnail","hentry","category-geral","category-nacional","tag-cim"],"acf":[],"_links":{"self":[{"href":"https:\/\/critecnow.com\/diariobeiras\/wp-json\/wp\/v2\/posts\/267051","targetHints":{"allow":["GET"]}}],"collection":[{"href":"https:\/\/critecnow.com\/diariobeiras\/wp-json\/wp\/v2\/posts"}],"about":[{"href":"https:\/\/critecnow.com\/diariobeiras\/wp-json\/wp\/v2\/types\/post"}],"author":[{"embeddable":true,"href":"https:\/\/critecnow.com\/diariobeiras\/wp-json\/wp\/v2\/users\/2"}],"replies":[{"embeddable":true,"href":"https:\/\/critecnow.com\/diariobeiras\/wp-json\/wp\/v2\/comments?post=267051"}],"version-history":[{"count":0,"href":"https:\/\/critecnow.com\/diariobeiras\/wp-json\/wp\/v2\/posts\/267051\/revisions"}],"wp:featuredmedia":[{"embeddable":true,"href":"https:\/\/critecnow.com\/diariobeiras\/wp-json\/wp\/v2\/media\/254168"}],"wp:attachment":[{"href":"https:\/\/critecnow.com\/diariobeiras\/wp-json\/wp\/v2\/media?parent=267051"}],"wp:term":[{"taxonomy":"category","embeddable":true,"href":"https:\/\/critecnow.com\/diariobeiras\/wp-json\/wp\/v2\/categories?post=267051"},{"taxonomy":"post_tag","embeddable":true,"href":"https:\/\/critecnow.com\/diariobeiras\/wp-json\/wp\/v2\/tags?post=267051"}],"curies":[{"name":"wp","href":"https:\/\/api.w.org\/{rel}","templated":true}]}}