{"id":267116,"date":"2023-08-01T09:51:23","date_gmt":"2023-08-01T09:51:23","guid":{"rendered":"https:\/\/www.asbeiras.pt\/?p=267116"},"modified":"2023-08-01T09:51:23","modified_gmt":"2023-08-01T09:51:23","slug":"maior-procura-de-postos-de-venda-leva-a-aumentar-a-expo-cernache","status":"publish","type":"post","link":"https:\/\/critecnow.com\/diariobeiras\/maior-procura-de-postos-de-venda-leva-a-aumentar-a-expo-cernache\/","title":{"rendered":"Maior procura de postos de venda leva a aumentar a Expo Cernache"},"content":{"rendered":"<div id=\"attachment_267117\" style=\"width: 1210px\" class=\"wp-caption alignnone\"><a href=\"https:\/\/www.asbeiras.pt\/wp-content\/uploads\/2023\/08\/05-Conf-Imprensa-Expocernache-ACF.jpg\"><img loading=\"lazy\" decoding=\"async\" aria-describedby=\"caption-attachment-267117\" class=\"wp-image-267117 size-full\" src=\"https:\/\/www.asbeiras.pt\/wp-content\/uploads\/2023\/08\/05-Conf-Imprensa-Expocernache-ACF.jpg\" alt=\"\" width=\"1200\" height=\"628\" \/><\/a><p id=\"caption-attachment-267117\" class=\"wp-caption-text\">DB &#8211; Ana Catarina Ferreira<\/p><\/div>\n<p>O elevado n\u00famero de solicita\u00e7\u00f5es, para participar na Expo Cernache, levou a Junta de Freguesia de Cernache (JFC) a redimensionar o certame.<br \/>\nA informa\u00e7\u00e3o foi avan\u00e7ada ontem pela junta, em confer\u00eancia de imprensa, onde o presidente da JFC, V\u00edtor Alves de Carvalho, anunciou que este ano haver\u00e1 quatro grandes altera\u00e7\u00f5es.<br \/>\nA primeira \u00e9 que vai haver um aumento de \u201c25% da feira\u201d, segundo precisou o assessor executivo da JFC, Marco Mendes. Adiantando que tal situa\u00e7\u00e3o se deve ao facto de \u201cem dois dias\u201d se terem esgotado as inscri\u00e7\u00f5es para o artesanato.<\/p>\n<p>| Leia a not\u00edcia completa na edi\u00e7\u00e3o de hoje do DI\u00c1RIO AS BEIRAS<\/p>\n","protected":false},"excerpt":{"rendered":"<p>O elevado n\u00famero de solicita\u00e7\u00f5es, para participar na Expo Cernache, levou a Junta de Freguesia de Cernache (JFC) a redimensionar o certame.<\/p>\n","protected":false},"author":18,"featured_media":267117,"comment_status":"open","ping_status":"open","sticky":false,"template":"","format":"standard","meta":{"_acf_changed":false,"footnotes":""},"categories":[39,31],"tags":[5578],"class_list":["post-267116","post","type-post","status-publish","format-standard","has-post-thumbnail","hentry","category-coimbra-2","category-geral","tag-expo-cernache"],"acf":[],"_links":{"self":[{"href":"https:\/\/critecnow.com\/diariobeiras\/wp-json\/wp\/v2\/posts\/267116","targetHints":{"allow":["GET"]}}],"collection":[{"href":"https:\/\/critecnow.com\/diariobeiras\/wp-json\/wp\/v2\/posts"}],"about":[{"href":"https:\/\/critecnow.com\/diariobeiras\/wp-json\/wp\/v2\/types\/post"}],"author":[{"embeddable":true,"href":"https:\/\/critecnow.com\/diariobeiras\/wp-json\/wp\/v2\/users\/18"}],"replies":[{"embeddable":true,"href":"https:\/\/critecnow.com\/diariobeiras\/wp-json\/wp\/v2\/comments?post=267116"}],"version-history":[{"count":0,"href":"https:\/\/critecnow.com\/diariobeiras\/wp-json\/wp\/v2\/posts\/267116\/revisions"}],"wp:featuredmedia":[{"embeddable":true,"href":"https:\/\/critecnow.com\/diariobeiras\/wp-json\/"}],"wp:attachment":[{"href":"https:\/\/critecnow.com\/diariobeiras\/wp-json\/wp\/v2\/media?parent=267116"}],"wp:term":[{"taxonomy":"category","embeddable":true,"href":"https:\/\/critecnow.com\/diariobeiras\/wp-json\/wp\/v2\/categories?post=267116"},{"taxonomy":"post_tag","embeddable":true,"href":"https:\/\/critecnow.com\/diariobeiras\/wp-json\/wp\/v2\/tags?post=267116"}],"curies":[{"name":"wp","href":"https:\/\/api.w.org\/{rel}","templated":true}]}}