{"id":267550,"date":"2023-08-11T09:42:46","date_gmt":"2023-08-11T09:42:46","guid":{"rendered":"https:\/\/www.asbeiras.pt\/?p=267550"},"modified":"2023-08-11T09:42:46","modified_gmt":"2023-08-11T09:42:46","slug":"falta-de-pessoal-qualificado-obriga-estabelecimentos-a-reduzir-servicos-e-qualidade","status":"publish","type":"post","link":"https:\/\/critecnow.com\/diariobeiras\/falta-de-pessoal-qualificado-obriga-estabelecimentos-a-reduzir-servicos-e-qualidade\/","title":{"rendered":"Falta de pessoal qualificado obriga estabelecimentos a reduzir servi\u00e7os e qualidade"},"content":{"rendered":"<p><a href=\"https:\/\/www.asbeiras.pt\/wp-content\/uploads\/2023\/08\/Mao-de-obra-restauracao-DR.jpg\"><img loading=\"lazy\" decoding=\"async\" class=\"alignnone size-full wp-image-267551\" src=\"https:\/\/www.asbeiras.pt\/wp-content\/uploads\/2023\/08\/Mao-de-obra-restauracao-DR.jpg\" alt=\"\" width=\"1200\" height=\"628\" \/><\/a><\/p>\n<p>A falta de m\u00e3o de obra qualificada \u00e9 t\u00e3o grande, que, na Figueira da Foz, h\u00e1 estabelecimentos de restaura\u00e7\u00e3o e similares a reduzir o servi\u00e7o, decis\u00e3o que tamb\u00e9m afeta esplanadas em plena \u00e9poca balnear. Esta \u00e9, no entanto, uma realidade que atravessa o pa\u00eds.<br \/>\nPerante a escassez de recursos humanos qualificados, muitos estabelecimentos est\u00e3o a contratar pessoas com pouca ou nenhuma experi\u00eancia profissional, incluindo estrangeiros que n\u00e3o falam portugu\u00eas nem ingl\u00eas. A qualidade do servi\u00e7o \u00e9 afetada.<\/p>\n<p><em>Not\u00edcia completa nas edi\u00e7\u00f5es impressa e digital do DI\u00c1RIO AS BEIRAS<\/em><em>\u00a0<\/em><em><a href=\"mailto:assinaturas@asbeiras.pt\">assinaturas@asbeiras.pt<\/a><\/em><\/p>\n","protected":false},"excerpt":{"rendered":"<p>A restaura\u00e7\u00e3o foi uma das atividades mais afetadas pela pandemia. Na sequ\u00eancia disso, perdeu recursos humanos qualificados para outros setores econ\u00f3micos, que n\u00e3o conseguiu recuperar. Este \u00e9, no entanto,<br \/>\num problema estrutural que se vem agravando h\u00e1 v\u00e1rios anos e que tamb\u00e9m afeta outros estabelecimentos ligados ao turismo, sobretudo a hotelaria. A solu\u00e7\u00e3o est\u00e1 a passar pela importa\u00e7\u00e3o de m\u00e3o de obra, muita dela <\/p>\n","protected":false},"author":5,"featured_media":267551,"comment_status":"open","ping_status":"open","sticky":false,"template":"","format":"standard","meta":{"_acf_changed":false,"footnotes":""},"categories":[62,31],"tags":[5745,5746,4426,682],"class_list":["post-267550","post","type-post","status-publish","format-standard","has-post-thumbnail","hentry","category-figueira-da-foz","category-geral","tag-falta-de-pessoal-qualificado","tag-mao-de-obra","tag-restauracao","tag-turismo"],"acf":[],"_links":{"self":[{"href":"https:\/\/critecnow.com\/diariobeiras\/wp-json\/wp\/v2\/posts\/267550","targetHints":{"allow":["GET"]}}],"collection":[{"href":"https:\/\/critecnow.com\/diariobeiras\/wp-json\/wp\/v2\/posts"}],"about":[{"href":"https:\/\/critecnow.com\/diariobeiras\/wp-json\/wp\/v2\/types\/post"}],"author":[{"embeddable":true,"href":"https:\/\/critecnow.com\/diariobeiras\/wp-json\/wp\/v2\/users\/5"}],"replies":[{"embeddable":true,"href":"https:\/\/critecnow.com\/diariobeiras\/wp-json\/wp\/v2\/comments?post=267550"}],"version-history":[{"count":0,"href":"https:\/\/critecnow.com\/diariobeiras\/wp-json\/wp\/v2\/posts\/267550\/revisions"}],"wp:attachment":[{"href":"https:\/\/critecnow.com\/diariobeiras\/wp-json\/wp\/v2\/media?parent=267550"}],"wp:term":[{"taxonomy":"category","embeddable":true,"href":"https:\/\/critecnow.com\/diariobeiras\/wp-json\/wp\/v2\/categories?post=267550"},{"taxonomy":"post_tag","embeddable":true,"href":"https:\/\/critecnow.com\/diariobeiras\/wp-json\/wp\/v2\/tags?post=267550"}],"curies":[{"name":"wp","href":"https:\/\/api.w.org\/{rel}","templated":true}]}}