{"id":267557,"date":"2023-08-11T10:01:37","date_gmt":"2023-08-11T10:01:37","guid":{"rendered":"https:\/\/www.asbeiras.pt\/?p=267557"},"modified":"2023-08-11T10:01:37","modified_gmt":"2023-08-11T10:01:37","slug":"camara-defende-eixo-de-alta-velocidade-que-preve-menos-demolicoes-de-casas","status":"publish","type":"post","link":"https:\/\/critecnow.com\/diariobeiras\/camara-defende-eixo-de-alta-velocidade-que-preve-menos-demolicoes-de-casas\/","title":{"rendered":"C\u00e2mara defende eixo de alta velocidade que prev\u00ea menos demoli\u00e7\u00f5es de casas"},"content":{"rendered":"<p><a href=\"https:\/\/www.asbeiras.pt\/wp-content\/uploads\/2023\/08\/CP.jpg\"><img loading=\"lazy\" decoding=\"async\" class=\"alignnone size-full wp-image-267561\" src=\"https:\/\/www.asbeiras.pt\/wp-content\/uploads\/2023\/08\/CP.jpg\" alt=\"\" width=\"1200\" height=\"628\" \/><\/a><\/p>\n<p>A C\u00e2mara Municipal de Coimbra defende, no parecer relativo ao projeto do tro\u00e7o de Alta Velocidade entre Oi\u00e3 e Soure (submetido no Portal Participa durante o per\u00edodo da consulta p\u00fablica), que a nova Linha Ferrovi\u00e1ria de Alta Velocidade (LAV) \u00e9 um \u201cinvestimento estruturante e crucial\u201d para o desenvolvimento de Coimbra.<br \/>\nNo documento, o munic\u00edpio defende que a solu\u00e7\u00e3o a adotar passa pelo eixo 3.2 em detrimento do eixo 3.1, na zona de Taveiro, por ser o tra\u00e7ado com menos habita\u00e7\u00f5es expropriadas e demolidas. A norte entende que, \u201capesar das alternativas serem equipar\u00e1veis, o eixo 4 \u00e9 ligeiramente mais favor\u00e1vel por ser mais afastado do espa\u00e7o edificado.\u201d<\/p>\n<p><em>Not\u00edcia completa nas edi\u00e7\u00f5es impressa e digital do DI\u00c1RIO AS BEIRAS<\/em><em>\u00a0<\/em><em><a href=\"mailto:assinaturas@asbeiras.pt\">assinaturas@asbeiras.pt<\/a><\/em><\/p>\n","protected":false},"excerpt":{"rendered":"<p>A C\u00e2mara Municipal de Coimbra defende, no parecer relativo ao projeto do tro\u00e7o de Alta Velocidade entre Oi\u00e3 e Soure (submetido no Portal Participa durante o per\u00edodo da consulta p\u00fablica), que a nova Linha Ferrovi\u00e1ria de Alta Velocidade (LAV) \u00e9 um \u201cinvestimento estruturante e crucial\u201d para o desenvolvimento de Coimbra.<\/p>\n","protected":false},"author":13,"featured_media":267561,"comment_status":"open","ping_status":"open","sticky":false,"template":"","format":"standard","meta":{"_acf_changed":false,"footnotes":""},"categories":[39,31],"tags":[5036,2830,5749,5750,5751],"class_list":["post-267557","post","type-post","status-publish","format-standard","has-post-thumbnail","hentry","category-coimbra-2","category-geral","tag-alta-velocidade","tag-camara-municipal-de-coimbra-cmc","tag-demolicoes","tag-eixo-oia-soure","tag-parecer"],"acf":[],"_links":{"self":[{"href":"https:\/\/critecnow.com\/diariobeiras\/wp-json\/wp\/v2\/posts\/267557","targetHints":{"allow":["GET"]}}],"collection":[{"href":"https:\/\/critecnow.com\/diariobeiras\/wp-json\/wp\/v2\/posts"}],"about":[{"href":"https:\/\/critecnow.com\/diariobeiras\/wp-json\/wp\/v2\/types\/post"}],"author":[{"embeddable":true,"href":"https:\/\/critecnow.com\/diariobeiras\/wp-json\/wp\/v2\/users\/13"}],"replies":[{"embeddable":true,"href":"https:\/\/critecnow.com\/diariobeiras\/wp-json\/wp\/v2\/comments?post=267557"}],"version-history":[{"count":0,"href":"https:\/\/critecnow.com\/diariobeiras\/wp-json\/wp\/v2\/posts\/267557\/revisions"}],"wp:attachment":[{"href":"https:\/\/critecnow.com\/diariobeiras\/wp-json\/wp\/v2\/media?parent=267557"}],"wp:term":[{"taxonomy":"category","embeddable":true,"href":"https:\/\/critecnow.com\/diariobeiras\/wp-json\/wp\/v2\/categories?post=267557"},{"taxonomy":"post_tag","embeddable":true,"href":"https:\/\/critecnow.com\/diariobeiras\/wp-json\/wp\/v2\/tags?post=267557"}],"curies":[{"name":"wp","href":"https:\/\/api.w.org\/{rel}","templated":true}]}}