{"id":267637,"date":"2023-08-14T11:00:00","date_gmt":"2023-08-14T11:00:00","guid":{"rendered":"https:\/\/www.asbeiras.pt\/?p=267637"},"modified":"2023-08-14T11:00:00","modified_gmt":"2023-08-14T11:00:00","slug":"excesso-de-consumo-e-avaria-deixa-tres-freguesias-de-moncao-sem-agua-seis-dias","status":"publish","type":"post","link":"https:\/\/critecnow.com\/diariobeiras\/excesso-de-consumo-e-avaria-deixa-tres-freguesias-de-moncao-sem-agua-seis-dias\/","title":{"rendered":"Excesso de consumo e avaria deixa tr\u00eas freguesias de Mon\u00e7\u00e3o sem \u00e1gua seis dias"},"content":{"rendered":"<p><a href=\"https:\/\/www.asbeiras.pt\/wp-content\/uploads\/2023\/08\/Sem-agua-DR.jpg\"><img loading=\"lazy\" decoding=\"async\" class=\"alignnone size-full wp-image-267639\" src=\"https:\/\/www.asbeiras.pt\/wp-content\/uploads\/2023\/08\/Sem-agua-DR.jpg\" alt=\"\" width=\"1200\" height=\"628\" \/><\/a><\/p>\n<p>A C\u00e2mara de Mon\u00e7\u00e3o assegurou hoje que o abastecimento de \u00e1gua a tr\u00eas freguesias foi reposto domingo ao final do dia e justificou a falta de \u00e1gua, desde ter\u00e7a-feira, com excesso de consumo e uma avaria numa conduta.<\/p>\n<p class=\"text-paragraph\">Em declara\u00e7\u00f5es \u00e0 ag\u00eancia Lusa, o vereador dos servi\u00e7os municipais e do Ambiente da C\u00e2mara de Mon\u00e7\u00e3o, no distrito de Viana do Castelo, Agostinho Correia, especificou que a \u00e1gua voltou a correr nas torneiras em Longos Vales, Bela e Troviscoso, no domingo entre as 19:00 e as 20:00.<\/p>\n<p class=\"text-paragraph\">A falta de \u00e1gua come\u00e7ou na ter\u00e7a-feira, ao final do dia, em Longos Vales e em Bela. No s\u00e1bado, afetou Troviscoso.<\/p>\n<p class=\"text-paragraph\">\u201cO nosso problema n\u00e3o \u00e9 falta de \u00e1gua, \u00e9 o excesso de consumo. Na quinta-feira, regist\u00e1mos que nas partes mais altas das freguesias de Longos Vales e Bela havia uma redu\u00e7\u00e3o do caudal dos dep\u00f3sitos. Na sexta-feira adapt\u00e1mos mais uma bomba e come\u00e7amos a bombear para os dep\u00f3sitos 85 metros c\u00fabicos de \u00e1gua, por hora\u201d, explicou Agostinho Correia.<\/p>\n<p class=\"text-paragraph\">Segundo o respons\u00e1vel, \u201cdurante o dia ainda havia algum causal nos dep\u00f3sitos, mas, durante a noite, o consumo excessivo, por exemplo, para encher piscinas, dificultava a chegada da \u00e1gua \u00e0s zonas mais altas\u201d daquelas freguesias.<\/p>\n<p class=\"text-paragraph\">\u201cAo final do dia, ainda havia \u00e1gua, com pouca press\u00e3o, mas como o consumo era, maioritariamente durante a noite, quando deixavam piscinas a encher, os dep\u00f3sitos ficavam sem causal\u201d, referiu<\/p>\n<p class=\"text-paragraph\">Agostinho Correia adiantou que, \u201cfoi ainda detetada, debaixo da ponte de S\u00e3o Bento de Bela, uma rotura num tubo, entretanto, reparada\u201d.<\/p>\n<p class=\"text-paragraph\">O vereador social-democrata frisou que \u201cdesde o in\u00edcio do m\u00eas o consumo de \u00e1gua disparou\u201d, devido \u00e0 chegada das emigrantes, visitantes e turistas.<\/p>\n<p class=\"text-paragraph\">Agostinho Correia adiantou que s\u00f3 no final do m\u00eas, feitas as leituras do consumo de \u00e1gua, \u00e9 que vai perceber o volume de consumo, deste per\u00edodo.<\/p>\n<p class=\"text-paragraph\">\u00c0 Lusa, Rosa Moreira, residente no lugar do Couto, na freguesia de Longos Vales, confirmou que o abastecimento de \u00e1gua voltou \u00e0 normalidade, no domingo, ao final do dia.<\/p>\n<p class=\"text-paragraph\">\u201cNa minha casa deixou de haver \u00e1gua na ter\u00e7a-feira, voltou no s\u00e1bado, depois deixou de correr nas torneiras e, voltou no domingo \u00e0 noite. A ver se vai continuar assim\u201d, disse.<\/p>\n<p class=\"text-paragraph\">Rosa Moreira criticou \u201ca aus\u00eancia, por parte dos servi\u00e7os municipais, de uma resposta concreta\u201d quanto ao motivo da falta de \u00e1gua e das solu\u00e7\u00f5es para resolver o problema.<\/p>\n<p class=\"text-paragraph\">\u201cA resposta que nos davam \u00e9 que a \u00e1gua vinha hoje, amanh\u00e3 e depois e, na minha casa, faz ter\u00e7a-feira oito dias, que vivemos na incerteza, sem podermos organizar\u00a0a vida. Sem \u00e1gua n\u00e3o se faz nada\u201d, observou.<\/p>\n<p class=\"text-paragraph\">Rosa Moreira n\u00e3o aceita que o aumento de consumo de \u00e1gua seja uma justifica\u00e7\u00e3o para o sucedido.<\/p>\n<p class=\"text-paragraph\">\u201cH\u00e1 muitos anos que h\u00e1 emigrantes. Ent\u00e3o Mon\u00e7\u00e3o n\u00e3o est\u00e1 preparada para receber o dobro ou o triplo de popula\u00e7\u00e3o? Sendo assim, para o ano vamos ter o mesmo problema. Mais, ningu\u00e9m enche uma piscina no m\u00eas de agosto. Enche em maio ou, junho. N\u00e3o se enchem piscinas todos os dias\u201d, apontou.<\/p>\n","protected":false},"excerpt":{"rendered":"<p>A C\u00e2mara de Mon\u00e7\u00e3o assegurou hoje que o abastecimento de \u00e1gua a tr\u00eas freguesias foi reposto domingo ao final do dia e justificou a falta de \u00e1gua, desde ter\u00e7a-feira, com excesso de consumo e uma avaria numa conduta.<\/p>\n","protected":false},"author":2,"featured_media":267639,"comment_status":"open","ping_status":"open","sticky":false,"template":"","format":"standard","meta":{"_acf_changed":false,"footnotes":""},"categories":[31,33],"tags":[5798,5799,5800,5801,5802],"class_list":["post-267637","post","type-post","status-publish","format-standard","has-post-thumbnail","hentry","category-geral","category-nacional","tag-avaria","tag-excesso-de-consumo","tag-freguesias-de-moncao","tag-seis-dias","tag-sem-agua"],"acf":[],"_links":{"self":[{"href":"https:\/\/critecnow.com\/diariobeiras\/wp-json\/wp\/v2\/posts\/267637","targetHints":{"allow":["GET"]}}],"collection":[{"href":"https:\/\/critecnow.com\/diariobeiras\/wp-json\/wp\/v2\/posts"}],"about":[{"href":"https:\/\/critecnow.com\/diariobeiras\/wp-json\/wp\/v2\/types\/post"}],"author":[{"embeddable":true,"href":"https:\/\/critecnow.com\/diariobeiras\/wp-json\/wp\/v2\/users\/2"}],"replies":[{"embeddable":true,"href":"https:\/\/critecnow.com\/diariobeiras\/wp-json\/wp\/v2\/comments?post=267637"}],"version-history":[{"count":0,"href":"https:\/\/critecnow.com\/diariobeiras\/wp-json\/wp\/v2\/posts\/267637\/revisions"}],"wp:attachment":[{"href":"https:\/\/critecnow.com\/diariobeiras\/wp-json\/wp\/v2\/media?parent=267637"}],"wp:term":[{"taxonomy":"category","embeddable":true,"href":"https:\/\/critecnow.com\/diariobeiras\/wp-json\/wp\/v2\/categories?post=267637"},{"taxonomy":"post_tag","embeddable":true,"href":"https:\/\/critecnow.com\/diariobeiras\/wp-json\/wp\/v2\/tags?post=267637"}],"curies":[{"name":"wp","href":"https:\/\/api.w.org\/{rel}","templated":true}]}}