{"id":268028,"date":"2023-08-23T15:07:08","date_gmt":"2023-08-23T15:07:08","guid":{"rendered":"https:\/\/www.asbeiras.pt\/?p=268028"},"modified":"2023-08-23T15:07:08","modified_gmt":"2023-08-23T15:07:08","slug":"coimbra-expo-cernache-com-quatro-dias-de-festa-e-animacao","status":"publish","type":"post","link":"https:\/\/critecnow.com\/diariobeiras\/coimbra-expo-cernache-com-quatro-dias-de-festa-e-animacao\/","title":{"rendered":"Coimbra: Expo Cernache com quatro dias de festa e anima\u00e7\u00e3o"},"content":{"rendered":"<div id=\"attachment_268029\" style=\"width: 1210px\" class=\"wp-caption aligncenter\"><a href=\"https:\/\/www.asbeiras.pt\/2023\/08\/coimbra-expo-cernache-com-quatro-dias-de-festa-e-animacao\/vitor-carvalho\/\" rel=\"attachment wp-att-268029\"><img loading=\"lazy\" decoding=\"async\" aria-describedby=\"caption-attachment-268029\" class=\"size-full wp-image-268029\" src=\"https:\/\/www.asbeiras.pt\/wp-content\/uploads\/2023\/08\/VITOR-CARVALHO.jpg\" alt=\"\" width=\"1200\" height=\"628\" \/><\/a><p id=\"caption-attachment-268029\" class=\"wp-caption-text\">FOTO DB-|E|MIGUEL ALMEIDA<\/p><\/div>\n<p>A <strong>Expo Cernache<\/strong> est\u00e1 de regresso. Este ano a festa tem mais um dia de celebra\u00e7\u00f5es e promete muita anima\u00e7\u00e3o, gastronomia e variedade de expositores.<br \/>\nO presidente da Junta de Freguesia de Cernache, <strong>V\u00edtor Carvalho<\/strong>, assumiu, ao DI\u00c1RIO AS BEIRAS, que o prop\u00f3sito do certame \u00e9 reunir toda a freguesia.<br \/>\n\u201cO nosso objetivo \u00e9 promover e unir a freguesia. Queremos tamb\u00e9m dar a conhec\u00ea-la, com todas as suas tradi\u00e7\u00f5es e costumes, a quem vem de fora para nos visitar\u201d, afirmou.<br \/>\nO autarca real\u00e7ou a aposta em ampliar um dia a nona edi\u00e7\u00e3o da Expo Cernache.<br \/>\n\u201cQuisemos ter mais um dia de festa e antecip\u00e1-la. Este ano, ao contr\u00e1rio de antigamente, come\u00e7amos a festa quinta-feira [amanh\u00e3]\u201d, assumiu V\u00edtor Carvalho que revelou qual o or\u00e7amento da festa.<br \/>\n\u201cTemos um or\u00e7amento a rondar de 15 mil euros, mas ainda contamos com o apoio da C\u00e2mara Municipal de Coimbra. \u00c9 um evento importante para promovermos o tecido empresarial da freguesia\u201d, disse.<\/p>\n","protected":false},"excerpt":{"rendered":"<p>Presidente da Junta de Freguesia de Cernache, V\u00edtor Carvalho, assumiu, ao DI\u00c1RIO AS BEIRAS, que o prop\u00f3sito do certame \u00e9 reunir toda a freguesia<\/p>\n","protected":false},"author":9,"featured_media":268029,"comment_status":"open","ping_status":"open","sticky":false,"template":"","format":"standard","meta":{"_acf_changed":false,"footnotes":""},"categories":[39,31],"tags":[5578,5918],"class_list":["post-268028","post","type-post","status-publish","format-standard","has-post-thumbnail","hentry","category-coimbra-2","category-geral","tag-expo-cernache","tag-vitor-carvalho"],"acf":[],"_links":{"self":[{"href":"https:\/\/critecnow.com\/diariobeiras\/wp-json\/wp\/v2\/posts\/268028","targetHints":{"allow":["GET"]}}],"collection":[{"href":"https:\/\/critecnow.com\/diariobeiras\/wp-json\/wp\/v2\/posts"}],"about":[{"href":"https:\/\/critecnow.com\/diariobeiras\/wp-json\/wp\/v2\/types\/post"}],"author":[{"embeddable":true,"href":"https:\/\/critecnow.com\/diariobeiras\/wp-json\/wp\/v2\/users\/9"}],"replies":[{"embeddable":true,"href":"https:\/\/critecnow.com\/diariobeiras\/wp-json\/wp\/v2\/comments?post=268028"}],"version-history":[{"count":0,"href":"https:\/\/critecnow.com\/diariobeiras\/wp-json\/wp\/v2\/posts\/268028\/revisions"}],"wp:featuredmedia":[{"embeddable":true,"href":"https:\/\/critecnow.com\/diariobeiras\/wp-json\/"}],"wp:attachment":[{"href":"https:\/\/critecnow.com\/diariobeiras\/wp-json\/wp\/v2\/media?parent=268028"}],"wp:term":[{"taxonomy":"category","embeddable":true,"href":"https:\/\/critecnow.com\/diariobeiras\/wp-json\/wp\/v2\/categories?post=268028"},{"taxonomy":"post_tag","embeddable":true,"href":"https:\/\/critecnow.com\/diariobeiras\/wp-json\/wp\/v2\/tags?post=268028"}],"curies":[{"name":"wp","href":"https:\/\/api.w.org\/{rel}","templated":true}]}}