{"id":268890,"date":"2023-09-13T10:55:36","date_gmt":"2023-09-13T10:55:36","guid":{"rendered":"https:\/\/www.asbeiras.pt\/?p=268890"},"modified":"2023-09-13T10:55:36","modified_gmt":"2023-09-13T10:55:36","slug":"opiniao-com-a-verdade-me-enganas","status":"publish","type":"post","link":"https:\/\/critecnow.com\/diariobeiras\/opiniao-com-a-verdade-me-enganas\/","title":{"rendered":"Opini\u00e3o: Com a verdade me enganas"},"content":{"rendered":"<p><a href=\"https:\/\/www.asbeiras.pt\/wp-content\/uploads\/2022\/11\/LUIS-TEIXEIRA.jpg\"><img loading=\"lazy\" decoding=\"async\" class=\"size-full wp-image-251137 aligncenter\" src=\"https:\/\/www.asbeiras.pt\/wp-content\/uploads\/2022\/11\/LUIS-TEIXEIRA.jpg\" alt=\"\" width=\"1200\" height=\"628\" \/><\/a><\/p>\n<p>Em Portugal, instalou-se o conceito de que um bom pol\u00edtico \u00e9 aquele que usa argumenta\u00e7\u00e3o convincente para enganar o povo. \u00c9 o mais astuto, que transforma falhas em sucessos, que possui um \u201cparlapi\u00e9\u201d necess\u00e1rio para iludir o povo e deixar os advers\u00e1rios sem resposta, mesmo que seja necess\u00e1rio utilizar a demagogia, e o jogo de palavras e dos n\u00fameros\u2026<br \/>\nOs Cuidados de Sa\u00fade em Portugal atingiram, na minha opini\u00e3o, um n\u00edvel cr\u00edtico, o n\u00edvel mais baixo dos \u00faltimos 30 anos. Aquilo que h\u00e1 alguns anos seriam temas de aberturas de telejornais, s\u00e3o hoje normalizados pelos governantes e pelo povo: Maternidades que encerram, gr\u00e1vidas deslocadas de um lado para outro, servi\u00e7os de urg\u00eancia fechados ou sem m\u00e9dicos, ambul\u00e2ncias paradas horas sem fim \u00e0 porta de hospitais, medicamentos banais esgotados nas farm\u00e1cias por per\u00edodos de tempo prolongados, queixas permanentes do atendimento pr\u00e9 hospitalar, etc\u2026., etc\u2026 \u00c9 dif\u00edcil achar que podemos ficar pior, mas calma, que ainda \u00e9 poss\u00edvel, e pelo \u201candar da carruagem\u201d l\u00e1 chegaremos\u2026<br \/>\nO mais preocupante neste assunto, \u00e9 a forma como alguns governantes procuram \u201cvender\u201d a imagem do contr\u00e1rio. A estat\u00edstica, deveria ser uma ci\u00eancia objectiva de analisar resultados, e n\u00e3o uma forma falaciosa de apresentar resultados verdadeiros, mas que n\u00e3o espelham a realidade, porque est\u00e3o deturpados naquilo que \u00e9 o objecto de an\u00e1lise. Sen\u00e3o vejamos: \u00e9 constantemente referido que na maioria dos hospitais e centros de sa\u00fade do SNS, o n\u00famero de consultas tem vindo a aumentar\u2026, mas ningu\u00e9m refere ou informa os cidad\u00e3os de que em anos anteriores eram apenas contabilizadas as consultas m\u00e9dicas, e que actualmente est\u00e3o a ser tamb\u00e9m contabilizadas as consultas de enfermagem em diversas \u00e1reas clinicas em centros de sa\u00fade e hospitais. Na verdade, o n\u00famero total de consultas m\u00e9dicas n\u00e3o aumentou, at\u00e9 diminui em muitos hospitais e centros de sa\u00fade. E mesmo no que diz respeito \u00e0s consultas m\u00e9dicas, no passado eram contabilizadas apenas as consultas em presen\u00e7a f\u00edsica, actualmente s\u00e3o contabilizadas tamb\u00e9m as teleconsultas (consultas telef\u00f3nicas) que muitas vezes s\u00e3o breves conversas de poucos minutos entre o m\u00e9dico e o doente, sem exame f\u00edsico, sem observa\u00e7\u00e3o de exames complementares, enfim\u2026 Tudo serve para usar os n\u00fameros em pr\u00f3 daquilo que se pretende demonstrar, mesmo que a realidade seja diferente\u2026<br \/>\nOuvimos muitas vezes afirmar que os tempos de espera para cirurgia diminu\u00edram. Os doentes sabem por experiencia pr\u00f3pria que na maioria dos casos tal n\u00e3o corresponde \u00e0 verdade. A \u201climpeza\u201d efectuada nas listas de espera para cirurgia, de onde foram retirados doentes que estavam \u00e0 espera de cirurgia no SNS, mas que j\u00e1 tinham sido operados no privado, ou at\u00e9 doentes que j\u00e1 tinham falecido, permitiu encurtar listas de espera sem que tal signifique que o tempo de resposta cir\u00fargica esteja melhor na actualidade. Por outro lado, cada vez mais doentes perante um problema de sa\u00fade, recorrem ab initio ao sector privado para consultas e cirurgias, n\u00e3o chegando sequer em entrar em lista de espera, contribuindo para que estas n\u00e3o aumentem, n\u00e3o por capacidade de resposta, mas por diminui\u00e7\u00e3o na procura. \u00c9 preciso analisar a realidade de forma honesta do lado do doente. Nunca tantos doentes tiveram seguros de sa\u00fade ou subsistemas em Portugal (mais de 50% da popula\u00e7\u00e3o) e nunca tantos doentes recorreram ao sector privado para resolu\u00e7\u00e3o dos seus problemas de sa\u00fade.<br \/>\nO problema de Portugal \u00e9 que, em muitos casos, quem nos governa n\u00e3o est\u00e1 a mentir nos n\u00fameros que apresenta, mas tamb\u00e9m n\u00e3o est\u00e1 a falar a verdade naquilo que \u00e9 a real operacionalidade do Sistema de Sa\u00fade, naquilo que \u00e9 a resposta que os cidad\u00e3os precisam. A isso chama-se fazer politica? N\u00e3o, a isso chama-se ser artista\u2026 Um bom pol\u00edtico deveria ser aquele que manifesta uma boa estrat\u00e9gia para governar e n\u00e3o uma boa estrat\u00e9gia para ganhar votos\u2026<br \/>\nGostava de um dia poder morar no pa\u00eds que alguns governantes dizem conhecer e governar\u2026<br \/>\nN\u00e3o \u00e9 seguramente aquele onde vivo\u2026<\/p>\n<p><em>Pode ler a opini\u00e3o na edi\u00e7\u00e3o impressa e digital do DI\u00c1RIO AS BEIRAS<\/em><\/p>\n","protected":false},"excerpt":{"rendered":"<p>Opini\u00e3o do m\u00e9dico\/diretor do Spine Center, Lu\u00eds Teixeira. <\/p>\n","protected":false},"author":8,"featured_media":251137,"comment_status":"open","ping_status":"open","sticky":false,"template":"","format":"standard","meta":{"_acf_changed":false,"footnotes":""},"categories":[31,5],"tags":[2381,929,35,433],"class_list":["post-268890","post","type-post","status-publish","format-standard","has-post-thumbnail","hentry","category-geral","category-opiniao","tag-luis-teixeira","tag-medico","tag-saudedb","tag-sns"],"acf":[],"_links":{"self":[{"href":"https:\/\/critecnow.com\/diariobeiras\/wp-json\/wp\/v2\/posts\/268890","targetHints":{"allow":["GET"]}}],"collection":[{"href":"https:\/\/critecnow.com\/diariobeiras\/wp-json\/wp\/v2\/posts"}],"about":[{"href":"https:\/\/critecnow.com\/diariobeiras\/wp-json\/wp\/v2\/types\/post"}],"author":[{"embeddable":true,"href":"https:\/\/critecnow.com\/diariobeiras\/wp-json\/wp\/v2\/users\/8"}],"replies":[{"embeddable":true,"href":"https:\/\/critecnow.com\/diariobeiras\/wp-json\/wp\/v2\/comments?post=268890"}],"version-history":[{"count":0,"href":"https:\/\/critecnow.com\/diariobeiras\/wp-json\/wp\/v2\/posts\/268890\/revisions"}],"wp:attachment":[{"href":"https:\/\/critecnow.com\/diariobeiras\/wp-json\/wp\/v2\/media?parent=268890"}],"wp:term":[{"taxonomy":"category","embeddable":true,"href":"https:\/\/critecnow.com\/diariobeiras\/wp-json\/wp\/v2\/categories?post=268890"},{"taxonomy":"post_tag","embeddable":true,"href":"https:\/\/critecnow.com\/diariobeiras\/wp-json\/wp\/v2\/tags?post=268890"}],"curies":[{"name":"wp","href":"https:\/\/api.w.org\/{rel}","templated":true}]}}