{"id":269105,"date":"2023-09-18T10:43:16","date_gmt":"2023-09-18T10:43:16","guid":{"rendered":"https:\/\/www.asbeiras.pt\/?p=269105"},"modified":"2023-09-18T10:43:16","modified_gmt":"2023-09-18T10:43:16","slug":"professores-e-trabalhadores-das-escolas-iniciam-hoje-uma-semana-de-greve","status":"publish","type":"post","link":"https:\/\/critecnow.com\/diariobeiras\/professores-e-trabalhadores-das-escolas-iniciam-hoje-uma-semana-de-greve\/","title":{"rendered":"Professores e trabalhadores das escolas iniciam hoje uma semana de greve"},"content":{"rendered":"<div id=\"attachment_260803\" style=\"width: 1197px\" class=\"wp-caption alignnone\"><a href=\"https:\/\/www.asbeiras.pt\/wp-content\/uploads\/2023\/04\/GREVE-SINDICATO-STOP.jpg\"><img loading=\"lazy\" decoding=\"async\" aria-describedby=\"caption-attachment-260803\" class=\"wp-image-260803\" src=\"https:\/\/www.asbeiras.pt\/wp-content\/uploads\/2023\/04\/GREVE-SINDICATO-STOP.jpg\" alt=\"\" width=\"1187\" height=\"621\" \/><\/a><p id=\"caption-attachment-260803\" class=\"wp-caption-text\">DR<\/p><\/div>\n<p>Os professores e trabalhadores das escolas iniciam hoje uma semana de greve, convocada pelo Sindicato de Todos os Profissionais da Educa\u00e7\u00e3o (Stop), pela recupera\u00e7\u00e3o do tempo de servi\u00e7o e contra o que dizem ser v\u00e1rias injusti\u00e7as no setor.<\/p>\n<p class=\"text-paragraph\">Ap\u00f3s os primeiros dias de arranque do ano letivo, cerca de 1,3 milh\u00f5es de alunos come\u00e7am hoje a primeira semana de aulas, mas alguns poder\u00e3o encontrar os port\u00f5es da escola fechados devido \u00e0 greve de professores e funcion\u00e1rios.<\/p>\n<p class=\"text-paragraph\">A paralisa\u00e7\u00e3o, que se vai prolongar at\u00e9 sexta-feira, foi convocada pelo Stop e \u00e9 a primeira greve com impacto nas atividades letivas do ano 2023\/2024, durante o qual os profissionais prometem manter a contesta\u00e7\u00e3o do ano passado at\u00e9 verem as suas reivindica\u00e7\u00f5es respondidas.<\/p>\n<p class=\"text-paragraph\">Em causa est\u00e1 a recupera\u00e7\u00e3o dos seis anos, seis meses e 23 dias de tempo de servi\u00e7o congelado, mas tamb\u00e9m um conjunto de outras injusti\u00e7as sentidas por docentes e n\u00e3o docentes.<\/p>\n<p class=\"text-paragraph\">Quanto aos professores, o Stop refere os docentes prejudicados pelas regras do regime de mobilidade por doen\u00e7a e as condi\u00e7\u00f5es dos professores em regime de monodoc\u00eancia, do primeiro ciclo.<\/p>\n<p class=\"text-paragraph\">Por outro lado, o sindicato sublinha a falta de assistentes t\u00e9cnicos e operacionais nas escolas e as condi\u00e7\u00f5es de trabalho prec\u00e1rias dos existentes.<\/p>\n<p class=\"text-paragraph\">No \u00faltimo dos cinco dias de greve, sexta-feira, os docentes e n\u00e3o docentes saem \u00e0 rua numa manifesta\u00e7\u00e3o nacional de todos os profissionais da educa\u00e7\u00e3o, em Lisboa.<\/p>\n<p class=\"text-paragraph\">No final de agosto, o dirigente do Stop Andr\u00e9 Pestana apelou tamb\u00e9m aos profissionais que organizassem fundos de greve durante a semana de contesta\u00e7\u00e3o.<\/p>\n<p class=\"text-paragraph\">Al\u00e9m da greve do Stop, est\u00e1 em curso, desde ter\u00e7a-feira, uma greve ao sobretrabalho, \u00e0s horas extraordin\u00e1rias e \u00e0 componente n\u00e3o letiva convocada pela plataforma de nove organiza\u00e7\u00f5es sindicais que inclui a Fenprof e a Federa\u00e7\u00e3o Nacional da Educa\u00e7\u00e3o (FNE).<\/p>\n","protected":false},"excerpt":{"rendered":"<p>Os professores e trabalhadores das escolas iniciam hoje uma semana de greve, convocada pelo Sindicato de Todos os Profissionais da Educa\u00e7\u00e3o (Stop), pela recupera\u00e7\u00e3o do tempo de servi\u00e7o e contra o que dizem ser v\u00e1rias injusti\u00e7as no setor.<\/p>\n","protected":false},"author":2,"featured_media":260803,"comment_status":"open","ping_status":"open","sticky":false,"template":"","format":"standard","meta":{"_acf_changed":false,"footnotes":""},"categories":[31,33],"tags":[239,267,466],"class_list":["post-269105","post","type-post","status-publish","format-standard","has-post-thumbnail","hentry","category-geral","category-nacional","tag-greve","tag-professores","tag-stop"],"acf":[],"_links":{"self":[{"href":"https:\/\/critecnow.com\/diariobeiras\/wp-json\/wp\/v2\/posts\/269105","targetHints":{"allow":["GET"]}}],"collection":[{"href":"https:\/\/critecnow.com\/diariobeiras\/wp-json\/wp\/v2\/posts"}],"about":[{"href":"https:\/\/critecnow.com\/diariobeiras\/wp-json\/wp\/v2\/types\/post"}],"author":[{"embeddable":true,"href":"https:\/\/critecnow.com\/diariobeiras\/wp-json\/wp\/v2\/users\/2"}],"replies":[{"embeddable":true,"href":"https:\/\/critecnow.com\/diariobeiras\/wp-json\/wp\/v2\/comments?post=269105"}],"version-history":[{"count":0,"href":"https:\/\/critecnow.com\/diariobeiras\/wp-json\/wp\/v2\/posts\/269105\/revisions"}],"wp:attachment":[{"href":"https:\/\/critecnow.com\/diariobeiras\/wp-json\/wp\/v2\/media?parent=269105"}],"wp:term":[{"taxonomy":"category","embeddable":true,"href":"https:\/\/critecnow.com\/diariobeiras\/wp-json\/wp\/v2\/categories?post=269105"},{"taxonomy":"post_tag","embeddable":true,"href":"https:\/\/critecnow.com\/diariobeiras\/wp-json\/wp\/v2\/tags?post=269105"}],"curies":[{"name":"wp","href":"https:\/\/api.w.org\/{rel}","templated":true}]}}